{"id":481447,"date":"2025-10-22T07:33:12","date_gmt":"2025-10-22T07:33:12","guid":{"rendered":"https:\/\/www.europesays.com\/fr\/481447\/"},"modified":"2025-10-22T07:33:12","modified_gmt":"2025-10-22T07:33:12","slug":"dahbia-benkired-attendue-a-la-barre-en-ce-quatrieme-jour-daudience","status":"publish","type":"post","link":"https:\/\/www.europesays.com\/fr\/481447\/","title":{"rendered":"Dahbia Benkired attendue \u00e0 la barre en ce quatri\u00e8me jour d&rsquo;audience"},"content":{"rendered":"<p>Le proc\u00e8s du meurtre de Lola, qui avait boulevers\u00e9 l&rsquo;opinion et enflamm\u00e9 la classe politique en France, se poursuit ce mercredi. La cour d&rsquo;assises de Paris juge depuis vendredi une Alg\u00e9rienne, Dahbia Benkired, accus\u00e9e d&rsquo;avoir viol\u00e9, tortur\u00e9 et tu\u00e9 l&rsquo;adolescente de 12\u00a0ans en 2022.<\/p>\n<p>Dahbia Benkired a <a href=\"https:\/\/www.ledauphine.com\/faits-divers-justice\/2025\/10\/21\/au-proces-du-meurtre-de-lola-l-accusee-se-noye-dans-ses-mensonges\" target=\"_blank\" rel=\"noopener\">continu\u00e9 mardi \u00e0 charger ses anciennes relations<\/a>, coupables selon elle de l&rsquo;avoir manipul\u00e9e, drogu\u00e9e, voire viol\u00e9e les mois pr\u00e9c\u00e9dant le crime du 14 octobre 2022. Au risque de se perdre dans d&rsquo;apparents mensonges. La veille, <a href=\"https:\/\/www.ledauphine.com\/faits-divers-justice\/2025\/10\/20\/au-proces-du-meurtre-de-lola-le-calvaire-et-l-angoisse-de-la-jeune-fille-detailles-par-les-experts\" target=\"_blank\" rel=\"noopener\">elle avait d\u00e9j\u00e0 glac\u00e9 la salle d&rsquo;audience<\/a> : \u00ab\u00a0Je sais que j&rsquo;ai tu\u00e9 un b\u00e9b\u00e9, un ange\u00a0\u00bb, avait-elle d\u00e9clar\u00e9. Le verdict est attendu vendredi.<\/p>\n<p><strong>Suivez en direct cette quatri\u00e8me journ\u00e9e d&rsquo;audience\u00a0:<\/strong><\/p>\n","protected":false},"excerpt":{"rendered":"Le proc\u00e8s du meurtre de Lola, qui avait boulevers\u00e9 l&rsquo;opinion et enflamm\u00e9 la classe politique en France, se&hellip;\n","protected":false},"author":2,"featured_media":481448,"comment_status":"","ping_status":"","sticky":false,"template":"","format":"standard","meta":{"footnotes":""},"categories":[1888],"tags":[11,271,272,12255,1777,674,274,107,1011,27,329,12,626,25],"class_list":{"0":"post-481447","1":"post","2":"type-post","3":"status-publish","4":"format-standard","5":"has-post-thumbnail","7":"category-paris","8":"tag-actualites","9":"tag-crime","10":"tag-delit-et-contravention","11":"tag-direct-actualite","12":"tag-eu","13":"tag-europe","14":"tag-faits-divers-justice","15":"tag-fil-info","16":"tag-fr","17":"tag-france","18":"tag-france-monde","19":"tag-news","20":"tag-paris","21":"tag-republique-francaise"},"share_on_mastodon":{"url":"https:\/\/pubeurope.com\/@fr\/115416662381641761","error":""},"_links":{"self":[{"href":"https:\/\/www.europesays.com\/fr\/wp-json\/wp\/v2\/posts\/481447","targetHints":{"allow":["GET"]}}],"collection":[{"href":"https:\/\/www.europesays.com\/fr\/wp-json\/wp\/v2\/posts"}],"about":[{"href":"https:\/\/www.europesays.com\/fr\/wp-json\/wp\/v2\/types\/post"}],"author":[{"embeddable":true,"href":"https:\/\/www.europesays.com\/fr\/wp-json\/wp\/v2\/users\/2"}],"replies":[{"embeddable":true,"href":"https:\/\/www.europesays.com\/fr\/wp-json\/wp\/v2\/comments?post=481447"}],"version-history":[{"count":0,"href":"https:\/\/www.europesays.com\/fr\/wp-json\/wp\/v2\/posts\/481447\/revisions"}],"wp:featuredmedia":[{"embeddable":true,"href":"https:\/\/www.europesays.com\/fr\/wp-json\/wp\/v2\/media\/481448"}],"wp:attachment":[{"href":"https:\/\/www.europesays.com\/fr\/wp-json\/wp\/v2\/media?parent=481447"}],"wp:term":[{"taxonomy":"category","embeddable":true,"href":"https:\/\/www.europesays.com\/fr\/wp-json\/wp\/v2\/categories?post=481447"},{"taxonomy":"post_tag","embeddable":true,"href":"https:\/\/www.europesays.com\/fr\/wp-json\/wp\/v2\/tags?post=481447"}],"curies":[{"name":"wp","href":"https:\/\/api.w.org\/{rel}","templated":true}]}}