{"id":481452,"date":"2025-10-22T07:36:11","date_gmt":"2025-10-22T07:36:11","guid":{"rendered":"https:\/\/www.europesays.com\/fr\/481452\/"},"modified":"2025-10-22T07:36:11","modified_gmt":"2025-10-22T07:36:11","slug":"trump-accelere-la-fuite-des-americains-qualifies","status":"publish","type":"post","link":"https:\/\/www.europesays.com\/fr\/481452\/","title":{"rendered":"Trump acc\u00e9l\u00e8re la fuite des Am\u00e9ricains qualifi\u00e9s"},"content":{"rendered":"\n<p><a class=\"ithalc\" data-ithal=\"lien_externe\" data-ithalc=\"[nav_article]\" target=\"_blank\" href=\"https:\/\/www.ft.com\/content\/64a3301e-29f8-4d93-a39a-1c8941cd8f4c\" rel=\"noopener\">Selon le <strong>Financial Times, <\/strong><\/a>l\u2019expatriation n\u2019est plus un projet marginal aux \u00c9tats-Unis\u00a0: sous la pr\u00e9sidence Trump, de plus en plus d\u2019Am\u00e9ricains, souvent hautement qualifi\u00e9s, envisagent un d\u00e9part.<\/p>\n<p>Ainsi, 2\u00a0194 demandes de citoyennet\u00e9 britannique ont \u00e9t\u00e9 faites au deuxi\u00e8me trimestre 2025, soit une hausse de 50\u00a0% sur un an et un record depuis le d\u00e9but des statistiques. Celles de passeports irlandais ont culmin\u00e9 \u00e0 4\u00a0327 en f\u00e9vrier, leur plus haut niveau en dix ans. Pour les experts interrog\u00e9s, ces chiffres r\u00e9v\u00e8lent une tendance nouvelle\u00a0: \u201cAu lieu de voir partir les gens peu qualifi\u00e9s, ce sont d\u00e9sormais des personnes bien install\u00e9es professionnellement qui quittent le pays\u201d, constate Jen Barnett, cofondatrice de la soci\u00e9t\u00e9 de conseil Expatsi.<\/p>\n<p>Le quotidien britannique d\u00e9crit des trajectoires concr\u00e8tes. Sam Facas, un analyste de 33\u00a0ans, a quitt\u00e9 Washington pour Londres, convaincu que son avenir professionnel \u00e9tait menac\u00e9 par les coupes budg\u00e9taires f\u00e9d\u00e9rales\u00a0:<\/p>\n<p>\u201cJe savais que m\u00eame si j\u2019aimais mon travail et la voie que j\u2019avais choisie, il serait plus sage de chercher d\u2019autres d\u00e9bouch\u00e9s professionnels. Je n\u2019avais pas encore perdu mon emploi [mais] je devais regarder ailleurs si je voulais garder le contr\u00f4le sur ma vie.\u201d<\/p>\n<p>Le d\u00e9couragement face au climat politique domine. Vanessa, 39\u00a0ans, sp\u00e9cialiste de conformit\u00e9 financi\u00e8re \u00e0 San Francisco, confie\u00a0: \u201cJ\u2019adore mon m\u00e9tier et je suis tr\u00e8s fi\u00e8re de la carri\u00e8re que j\u2019ai b\u00e2tie\u2026 Mais les actions de l\u2019administration actuelle sont tr\u00e8s perturbantes et effrayantes.\u201d Elle redoute particuli\u00e8rement les politiques d\u2019expulsion massive et le recours \u00e0 la garde nationale dans plusieurs grandes villes.<\/p>\n<p>La dimension \u00e9conomique complique cependant les projets. Le journal rappelle que \u201cle salaire annuel moyen aux \u00c9tats-Unis avoisinait 83\u00a0000\u00a0dollars [70\u00a0600\u00a0euros] l\u2019an dernier, contre 61\u00a0000\u00a0dollars [52\u00a0000\u00a0euros] en France\u201d. Une diff\u00e9rence qui surprend les candidats \u00e0 l\u2019expatriation, souligne Jen Barnett\u00a0:<\/p>\n<blockquote><p>\u201cIls sont choqu\u00e9s \u00e0 chaque fois\u00a0: ils n\u2019arrivent pas \u00e0 croire \u00e0 quel point les salaires sont plus bas.\u201d<\/p><\/blockquote>\n<p>Reste que pour beaucoup, la s\u00e9curit\u00e9 et les valeurs l\u2019emportent sur la r\u00e9mun\u00e9ration. Omar, r\u00e9sident permanent venu de Tunisie, pr\u00e9pare un d\u00e9part vers le Canada malgr\u00e9 la perspective de pertes financi\u00e8res\u00a0: \u201cIl y a des aspects positifs et n\u00e9gatifs \u00e0 tout\u2026 Je suis pr\u00eat \u00e0 accepter une baisse de salaire pour me sentir en s\u00e9curit\u00e9.\u201d<\/p>\n<p>\u00c0 travers ces t\u00e9moignages, le Financial Times montre comment l\u2019expatriation est devenue pour une partie des classes moyenne et sup\u00e9rieure am\u00e9ricaines une strat\u00e9gie de protection personnelle autant que de carri\u00e8re professionnelle.<\/p>\n","protected":false},"excerpt":{"rendered":"Selon le Financial Times, l\u2019expatriation n\u2019est plus un projet marginal aux \u00c9tats-Unis\u00a0: sous la pr\u00e9sidence Trump, de plus&hellip;\n","protected":false},"author":2,"featured_media":481453,"comment_status":"","ping_status":"","sticky":false,"template":"","format":"standard","meta":{"footnotes":""},"categories":[1589],"tags":[11,3822,1856,73,1866,4315,12,770,1864,1865,1863,308],"class_list":{"0":"post-481452","1":"post","2":"type-post","3":"status-publish","4":"format-standard","5":"has-post-thumbnail","7":"category-etats-unis","8":"tag-actualites","9":"tag-amu00e9riques","10":"tag-courrier-expat","11":"tag-etats-unis","12":"tag-etats-unis-damerique","13":"tag-expatriation","14":"tag-news","15":"tag-u00e9tats-unis","16":"tag-united-states","17":"tag-united-states-of-america","18":"tag-us","19":"tag-usa"},"share_on_mastodon":{"url":"https:\/\/pubeurope.com\/@fr\/115416674127129376","error":""},"_links":{"self":[{"href":"https:\/\/www.europesays.com\/fr\/wp-json\/wp\/v2\/posts\/481452","targetHints":{"allow":["GET"]}}],"collection":[{"href":"https:\/\/www.europesays.com\/fr\/wp-json\/wp\/v2\/posts"}],"about":[{"href":"https:\/\/www.europesays.com\/fr\/wp-json\/wp\/v2\/types\/post"}],"author":[{"embeddable":true,"href":"https:\/\/www.europesays.com\/fr\/wp-json\/wp\/v2\/users\/2"}],"replies":[{"embeddable":true,"href":"https:\/\/www.europesays.com\/fr\/wp-json\/wp\/v2\/comments?post=481452"}],"version-history":[{"count":0,"href":"https:\/\/www.europesays.com\/fr\/wp-json\/wp\/v2\/posts\/481452\/revisions"}],"wp:featuredmedia":[{"embeddable":true,"href":"https:\/\/www.europesays.com\/fr\/wp-json\/wp\/v2\/media\/481453"}],"wp:attachment":[{"href":"https:\/\/www.europesays.com\/fr\/wp-json\/wp\/v2\/media?parent=481452"}],"wp:term":[{"taxonomy":"category","embeddable":true,"href":"https:\/\/www.europesays.com\/fr\/wp-json\/wp\/v2\/categories?post=481452"},{"taxonomy":"post_tag","embeddable":true,"href":"https:\/\/www.europesays.com\/fr\/wp-json\/wp\/v2\/tags?post=481452"}],"curies":[{"name":"wp","href":"https:\/\/api.w.org\/{rel}","templated":true}]}}