{"id":481459,"date":"2025-10-22T07:40:13","date_gmt":"2025-10-22T07:40:13","guid":{"rendered":"https:\/\/www.europesays.com\/fr\/481459\/"},"modified":"2025-10-22T07:40:13","modified_gmt":"2025-10-22T07:40:13","slug":"eu-egard-aux-menaces-qui-pesent-sur-lui-sarkozy-est-protege-en-prison","status":"publish","type":"post","link":"https:\/\/www.europesays.com\/fr\/481459\/","title":{"rendered":"\u00ab\u00a0Eu \u00e9gard aux menaces qui p\u00e8sent sur lui\u00a0\u00bb, Sarkozy est prot\u00e9g\u00e9 en prison"},"content":{"rendered":"<p>C\u2019est bien un prisonnier pas comme les autres. L\u2019ancien pr\u00e9sident de la R\u00e9publique <a href=\"https:\/\/www.20minutes.fr\/politique\/nicolas_sarkozy\/\" class=\"c-link c-link--is-underlined\" target=\"_blank\" rel=\"noopener\">Nicolas Sarkozy<\/a>, incarc\u00e9r\u00e9 depuis hier mardi \u00e0 la prison de la Sant\u00e9 \u00e0 Paris, est accompagn\u00e9 par deux officiers de s\u00e9curit\u00e9 \u00ab\u00a0eu \u00e9gard \u00e0 son statut et aux <a href=\"https:\/\/www.20minutes.fr\/faits_divers\/faits-divers-paris\/4170396-20250831-paris-detenu-carbonise-cellule-prison-sante\" target=\"_blank\" class=\"c-link c-link--is-underlined\" rel=\"noopener\">menaces qui p\u00e8sent<\/a>\u00a0\u00bb sur lui, a expliqu\u00e9 mercredi le ministre de l\u2019Int\u00e9rieur <a href=\"https:\/\/www.20minutes.fr\/politique\/laurent-nunez\/\" class=\"c-link c-link--is-underlined\" target=\"_blank\" rel=\"noopener\">Laurent Nu\u00f1ez<\/a> sur <a href=\"https:\/\/www.20minutes.fr\/medias\/cnews\/\" class=\"c-link c-link--is-underlined\" target=\"_blank\" rel=\"noopener\">CNews<\/a>\/<a href=\"https:\/\/www.20minutes.fr\/medias\/europe1\/\" class=\"c-link c-link--is-underlined\" target=\"_blank\" rel=\"noopener\">Europe1<\/a>.<\/p>\n<p>Un dispositif que l\u2019ancien chef de l\u2019Etat b\u00e9n\u00e9ficie en temps normal et qui a, c\u2019est encore une premi\u00e8re, \u00ab\u00a0effectivement \u00e9t\u00e9 maintenu en d\u00e9tention\u00a0\u00bb, a indiqu\u00e9 le ministre.<\/p>\n<\/p>\n<p>Dans la cellule voisine \u00e0 celle de Nicolas Sarkozy<\/p>\n<p>Les deux officiers de s\u00e9curit\u00e9 ont \u00e9t\u00e9 install\u00e9s dans la cellule voisine \u00e0 celle de Nicolas Sarkozy. \u00ab\u00a0C\u2019est une d\u00e9cision visant \u00e0 assurer sa s\u00e9curit\u00e9\u00a0\u00bb, a-t-il ajout\u00e9, \u00ab\u00a0en plus, \u00e9videmment, de tout ce qui est mis en \u0153uvre par <a href=\"https:\/\/www.20minutes.fr\/justice\/4180307-20251020-nicolas-sarkozy-incarcere-gerald-darmanin-compte-bien-aller-rendre-visite-prison\" target=\"_blank\" class=\"c-link c-link--is-underlined\" rel=\"noopener\">l\u2019administration p\u00e9nitentiaire<\/a>\u00a0\u00bb.<\/p>\n<p>Ce dispositif restera en place \u00ab\u00a0tant que nous le jugerons utile\u00a0\u00bb, a encore assur\u00e9 le ministre de l\u2019Int\u00e9rieur. \u00ab\u00a0C\u2019est \u00e9videmment un citoyen comme les autres mais il y a des menaces un peu plus importantes qui p\u00e8sent sur l\u2019ancien pr\u00e9sident de la R\u00e9publique qu\u2019est Nicolas Sarkozy, a justifi\u00e9 Laurent Nu\u00f1ez. La d\u00e9cision a \u00e9t\u00e9 prise et donc elle a \u00e9t\u00e9 appliqu\u00e9e imm\u00e9diatement\u00a0\u00bb, a-t-il pr\u00e9cis\u00e9. \u00ab\u00a0Au m\u00eame titre\u00a0\u00bb, a-t-il poursuivi, \u00ab\u00a0que son transfert vers la Sant\u00e9 a \u00e9t\u00e9 escort\u00e9 pour \u00e9viter qu\u2019il y ait une kyrielle de motocyclistes, de <a href=\"https:\/\/www.20minutes.fr\/justice\/4180577-20251021-incarceration-sarkozy-france-met-genoux-estiment-soutiens-venus-manifester\" target=\"_blank\" class=\"c-link c-link--is-underlined\" rel=\"noopener\">journalistes<\/a>, qui suivent le cort\u00e8ge\u2026\u00a0\u00bb \u00ab\u00a0C\u2019est ce que nous faisons habituellement, dans ce genre de circonstances pour un transfert de personnalit\u00e9, quelqu\u2019un qui est potentiellement menac\u00e9\u00a0\u00bb, a fait valoir le ministre.<\/p>\n","protected":false},"excerpt":{"rendered":"C\u2019est bien un prisonnier pas comme les autres. L\u2019ancien pr\u00e9sident de la R\u00e9publique Nicolas Sarkozy, incarc\u00e9r\u00e9 depuis hier&hellip;\n","protected":false},"author":2,"featured_media":481460,"comment_status":"","ping_status":"","sticky":false,"template":"","format":"standard","meta":{"footnotes":""},"categories":[1586],"tags":[47,11,1777,674,1779,1011,27,662,303,5454,3784,7088,12,3091,626,1072,4919,806,807,4846,25,656,9232,1778,364],"class_list":{"0":"post-481459","1":"post","2":"type-post","3":"status-publish","4":"format-standard","5":"has-post-thumbnail","7":"category-europe","8":"tag-actualite","9":"tag-actualites","10":"tag-eu","11":"tag-europe","12":"tag-european-union","13":"tag-fr","14":"tag-france","15":"tag-ile-de-france","16":"tag-justice","17":"tag-laurent-nunez","18":"tag-ministre","19":"tag-ministre-de-linterieur","20":"tag-news","21":"tag-nicolas-sarkozy","22":"tag-paris","23":"tag-police","24":"tag-president","25":"tag-prison","26":"tag-prisonniers","27":"tag-protection","28":"tag-republique-francaise","29":"tag-securite","30":"tag-surpopulation-carcerale","31":"tag-ue","32":"tag-union-europeenne"},"share_on_mastodon":{"url":"https:\/\/pubeurope.com\/@fr\/115416689773283201","error":""},"_links":{"self":[{"href":"https:\/\/www.europesays.com\/fr\/wp-json\/wp\/v2\/posts\/481459","targetHints":{"allow":["GET"]}}],"collection":[{"href":"https:\/\/www.europesays.com\/fr\/wp-json\/wp\/v2\/posts"}],"about":[{"href":"https:\/\/www.europesays.com\/fr\/wp-json\/wp\/v2\/types\/post"}],"author":[{"embeddable":true,"href":"https:\/\/www.europesays.com\/fr\/wp-json\/wp\/v2\/users\/2"}],"replies":[{"embeddable":true,"href":"https:\/\/www.europesays.com\/fr\/wp-json\/wp\/v2\/comments?post=481459"}],"version-history":[{"count":0,"href":"https:\/\/www.europesays.com\/fr\/wp-json\/wp\/v2\/posts\/481459\/revisions"}],"wp:featuredmedia":[{"embeddable":true,"href":"https:\/\/www.europesays.com\/fr\/wp-json\/wp\/v2\/media\/481460"}],"wp:attachment":[{"href":"https:\/\/www.europesays.com\/fr\/wp-json\/wp\/v2\/media?parent=481459"}],"wp:term":[{"taxonomy":"category","embeddable":true,"href":"https:\/\/www.europesays.com\/fr\/wp-json\/wp\/v2\/categories?post=481459"},{"taxonomy":"post_tag","embeddable":true,"href":"https:\/\/www.europesays.com\/fr\/wp-json\/wp\/v2\/tags?post=481459"}],"curies":[{"name":"wp","href":"https:\/\/api.w.org\/{rel}","templated":true}]}}