{"id":481463,"date":"2025-10-22T07:42:11","date_gmt":"2025-10-22T07:42:11","guid":{"rendered":"https:\/\/www.europesays.com\/fr\/481463\/"},"modified":"2025-10-22T07:42:11","modified_gmt":"2025-10-22T07:42:11","slug":"sept-departements-en-vigilance-orange-ce-jeudi","status":"publish","type":"post","link":"https:\/\/www.europesays.com\/fr\/481463\/","title":{"rendered":"Sept d\u00e9partements en vigilance orange ce jeudi"},"content":{"rendered":"<p>La nuit de mercredi \u00e0 jeudi va \u00eatre agit\u00e9e sur les c\u00f4tes de l\u2019ouest de la France. A l\u2019arriv\u00e9e de la <a href=\"https:\/\/www.20minutes.fr\/dossier\/tempete\" target=\"_blank\" class=\"c-link c-link--is-underlined\" rel=\"noopener\">temp\u00eate<\/a> Benjamin, sept d\u00e9partements sont plac\u00e9s en vigilance orange d\u00e8s minuit jeudi matin, selon le <a href=\"https:\/\/vigilance.meteofrance.fr\/fr\/vent\/demain\" rel=\"nofollow noopener\" target=\"_blank\" class=\"c-link c-link--is-underlined\">dernier bulletin<\/a> publi\u00e9 par <a href=\"https:\/\/www.20minutes.fr\/dossier\/meteo_france\" target=\"_blank\" class=\"c-link c-link--is-underlined\" rel=\"noopener\">M\u00e9t\u00e9o-France<\/a> mercredi matin.<\/p>\n<\/p>\n<p>Dans le d\u00e9tail, la <a href=\"https:\/\/www.20minutes.fr\/dossier\/vendee\" target=\"_blank\" class=\"c-link c-link--is-underlined\" rel=\"noopener\">Vend\u00e9e<\/a>, la <a href=\"https:\/\/www.20minutes.fr\/dossier\/charente-maritime\" target=\"_blank\" class=\"c-link c-link--is-underlined\" rel=\"noopener\">Charente-Maritime<\/a>, la <a href=\"https:\/\/www.20minutes.fr\/dossier\/gironde\" target=\"_blank\" class=\"c-link c-link--is-underlined\" rel=\"noopener\">Gironde<\/a>, les <a href=\"https:\/\/www.20minutes.fr\/societe\/landes\/\" target=\"_blank\" class=\"c-link c-link--is-underlined\" rel=\"noopener\">Landes <\/a>et les <a href=\"https:\/\/www.20minutes.fr\/dossier\/pyrenees-atlantiques\" target=\"_blank\" class=\"c-link c-link--is-underlined\" rel=\"noopener\">Pyr\u00e9n\u00e9es-Atlantiques<\/a> ainsi que la <a href=\"https:\/\/www.20minutes.fr\/manche-mer\/\" target=\"_blank\" class=\"c-link c-link--is-underlined\" rel=\"noopener\">Manche<\/a> passent en vigilance orange vent. Trois d\u2019entre eux, la Gironde, les Landes et les Pyr\u00e9n\u00e9es-Atlantiques passent \u00e9galement en vigilance orange pour des risques de fortes vagues pour la c\u00f4te atlantique et le bassin d\u2019Arcachon. La <a href=\"https:\/\/www.20minutes.fr\/dossier\/seine_maritime-1\" target=\"_blank\" class=\"c-link c-link--is-underlined\" rel=\"noopener\">Seine-Maritime<\/a> est \u00e9galement concern\u00e9e par cette alerte <a href=\"https:\/\/www.20minutes.fr\/dossier\/meteo\" target=\"_blank\" class=\"c-link c-link--is-underlined\" rel=\"noopener\">m\u00e9t\u00e9o<\/a>.<\/p>\n<p>Des rafales de 100 \u00e0 120\u00a0km\/h<\/p>\n<p>\u00ab\u00a0En fin de nuit de mercredi \u00e0 jeudi, le vent d\u2019ouest d\u00e9j\u00e0 soutenu se renforce encore, en particulier sur la c\u00f4te atlantique et les c\u00f4tes de manche\u00a0: des rafales de 100 \u00e0 120\u00a0km\/h voire localement 130\u00a0km\/h sont pr\u00e9vues sur le littoral, et de 90 \u00e0 110\u00a0km\/h dans l\u2019int\u00e9rieur des terres\u00a0\u00bb, pr\u00e9cise l\u2019organise m\u00e9t\u00e9orologique.<\/p>\n<p><a href=\"https:\/\/www.20minutes.fr\/dossier\/intemperies\" target=\"_blank\" class=\"c-link c-btn c-btn--primary\" rel=\"noopener\">Tous nos articles sur les intemp\u00e9ries<\/a><\/p>\n<p>La trajectoire de la temp\u00eate \u00e9tant encore incertaine, M\u00e9t\u00e9o-France pr\u00e9cise que certains d\u00e9partements actuellement en vigilance jaune pourraient basculer en vigilance orange, incitant les habitants de ces zones \u00e0 rester particuli\u00e8rement prudents.<\/p>\n","protected":false},"excerpt":{"rendered":"La nuit de mercredi \u00e0 jeudi va \u00eatre agit\u00e9e sur les c\u00f4tes de l\u2019ouest de la France. A&hellip;\n","protected":false},"author":2,"featured_media":481464,"comment_status":"","ping_status":"","sticky":false,"template":"","format":"standard","meta":{"footnotes":""},"categories":[2],"tags":[47,11,3177,2218,1011,27,2905,3059,8530,14653,2487,2357,12,5161,2219,2636,2220,6375,25,5163,104,7747,27319,2546,7919],"class_list":{"0":"post-481463","1":"post","2":"type-post","3":"status-publish","4":"format-standard","5":"has-post-thumbnail","7":"category-actualites","8":"tag-actualite","9":"tag-actualites","10":"tag-aquitaine","11":"tag-charente-maritime","12":"tag-fr","13":"tag-france","14":"tag-gironde","15":"tag-intemperies","16":"tag-landes","17":"tag-manche","18":"tag-meteo","19":"tag-meteo-france","20":"tag-news","21":"tag-normandie","22":"tag-nouvelle-aquitaine","23":"tag-pays-de-la-loire","24":"tag-poitou-charentes","25":"tag-pyrenees-atlantiques","26":"tag-republique-francaise","27":"tag-seine-maritime","28":"tag-societe","29":"tag-tempete","30":"tag-vague","31":"tag-vendee","32":"tag-vent"},"share_on_mastodon":{"url":"https:\/\/pubeurope.com\/@fr\/115416697712402757","error":""},"_links":{"self":[{"href":"https:\/\/www.europesays.com\/fr\/wp-json\/wp\/v2\/posts\/481463","targetHints":{"allow":["GET"]}}],"collection":[{"href":"https:\/\/www.europesays.com\/fr\/wp-json\/wp\/v2\/posts"}],"about":[{"href":"https:\/\/www.europesays.com\/fr\/wp-json\/wp\/v2\/types\/post"}],"author":[{"embeddable":true,"href":"https:\/\/www.europesays.com\/fr\/wp-json\/wp\/v2\/users\/2"}],"replies":[{"embeddable":true,"href":"https:\/\/www.europesays.com\/fr\/wp-json\/wp\/v2\/comments?post=481463"}],"version-history":[{"count":0,"href":"https:\/\/www.europesays.com\/fr\/wp-json\/wp\/v2\/posts\/481463\/revisions"}],"wp:featuredmedia":[{"embeddable":true,"href":"https:\/\/www.europesays.com\/fr\/wp-json\/wp\/v2\/media\/481464"}],"wp:attachment":[{"href":"https:\/\/www.europesays.com\/fr\/wp-json\/wp\/v2\/media?parent=481463"}],"wp:term":[{"taxonomy":"category","embeddable":true,"href":"https:\/\/www.europesays.com\/fr\/wp-json\/wp\/v2\/categories?post=481463"},{"taxonomy":"post_tag","embeddable":true,"href":"https:\/\/www.europesays.com\/fr\/wp-json\/wp\/v2\/tags?post=481463"}],"curies":[{"name":"wp","href":"https:\/\/api.w.org\/{rel}","templated":true}]}}