{"id":481465,"date":"2025-10-22T07:43:11","date_gmt":"2025-10-22T07:43:11","guid":{"rendered":"https:\/\/www.europesays.com\/fr\/481465\/"},"modified":"2025-10-22T07:43:11","modified_gmt":"2025-10-22T07:43:11","slug":"mont-ventoux-nice-les-details-du-parcours","status":"publish","type":"post","link":"https:\/\/www.europesays.com\/fr\/481465\/","title":{"rendered":"Mont Ventoux, Nice&#8230; Les d\u00e9tails du parcours"},"content":{"rendered":"<p class=\"app_entry_lead\">\n<p>                    <a title=\"\u00a0\u00a9\u00a0Michel Euler\/AP\/SIPA (publi\u00e9e le 22\/10\/2025)\" href=\"https:\/\/www.europesays.com\/fr\/wp-content\/uploads\/2025\/10\/81806940.jpg\" class=\"fancy\"><\/p>\n<p>                            <img loading=\"lazy\" decoding=\"async\" src=\"https:\/\/www.europesays.com\/fr\/wp-content\/uploads\/2025\/10\/81806940.jpg\" alt=\"Tour de France femmes 2026\u00a0: Mont Ventoux, Nice... Les d\u00e9tails du parcours\" width=\"1500\" height=\"1000\"\/><\/p>\n<p>                    <\/a><\/p>\n<p>                Le Tour de France femmes l\u00e8vera le voile sur son parcours 2026\u00a0\u00e0 l&rsquo;occasion de la pr\u00e9sentation ce jeudi 23\u00a0octobre.<\/p>\n<p>Le Tour de France femmes conna\u00eetra officiellement son parcours ce jeudi 23 octobre \u00e0 l&rsquo;occasion de la pr\u00e9sentation de Marion Rousse, directrice du Tour de France femmes. Le d\u00e9part de l&rsquo;\u00e9preuve se fera \u00e0 l&rsquo;\u00e9tranger, en Suisse, du c\u00f4t\u00e9 de Lausanne avec deux journ\u00e9es compl\u00e8tes en dehors de nos fronti\u00e8res.<\/p>\n<p>Le d\u00e9tail des premi\u00e8res \u00e9tapes est connu\u00a0avec, le samedi 1er\u00a0ao\u00fbt, une boucle de 137\u00a0kilom\u00e8tres qui attend les coureuses, avec un final pour les puncheuses et une difficult\u00e9 de 2,3\u00a0kilom\u00e8tres \u00e0 5,4\u00a0% qui fera d\u00e9j\u00e0 des d\u00e9g\u00e2ts. La 2e\u00a0\u00e9tape partira toujours de Suisse, d&rsquo;Aigle, pr\u00e8s du si\u00e8ge de l&rsquo;Union cycliste internationale, pour rejoindre Gen\u00e8ve, avec 150\u00a0kilom\u00e8tres dans une \u00e9tape qui devrait sourire aux sprinteuses.<\/p>\n<p>La 3e \u00e9tape marquera le retour du peloton en France, mais l&rsquo;incertitude r\u00e8gne autour des \u00e9tapes. On parle n\u00e9anmoins d&rsquo;une arriv\u00e9e dans le Jura. La 4e \u00e9tape, 100% fran\u00e7aise, devrait \u00eatre un contre la montre individuel dont l&rsquo;arriv\u00e9e est pr\u00e9vue \u00e0 Dijon,\u00a0<a href=\"https:\/\/www.bienpublic.com\/tour-de-france\/2025\/10\/01\/apres-dijon-le-tour-de-france-femmes-2026-attendu-a-macon\" target=\"_blank\" rel=\"nofollow noopener\">selon\u00a0Le Bien Public<\/a>.<\/p>\n<p>La montagne arrivera apr\u00e8s quelques jours de course avec un sommet mythique, le Mont Ventoux selon les informations du Dauphin\u00e9 Lib\u00e9r\u00e9. Une arriv\u00e9e pr\u00e9vue potentiellement pour la 7e \u00e9tape de ce Tour de France femmes.\u00a0Enfin, apr\u00e8s ce passage dans les Alpes, l&rsquo;arriv\u00e9e du Tour de France femmes pourrait se faire \u00e0 Nice&#8230; Comme pour les hommes en 2024.<\/p>\n","protected":false},"excerpt":{"rendered":"Le Tour de France femmes l\u00e8vera le voile sur son parcours 2026\u00a0\u00e0 l&rsquo;occasion de la pr\u00e9sentation ce jeudi&hellip;\n","protected":false},"author":2,"featured_media":481466,"comment_status":"","ping_status":"","sticky":false,"template":"","format":"standard","meta":{"footnotes":""},"categories":[4],"tags":[11,60492,51761,207,51763,1011,27,12,51767,25,11098],"class_list":{"0":"post-481465","1":"post","2":"type-post","3":"status-publish","4":"format-standard","5":"has-post-thumbnail","7":"category-france","8":"tag-actualites","9":"tag-cms-linternaute-9067775","10":"tag-controller-content","11":"tag-cyclisme","12":"tag-format-papier","13":"tag-fr","14":"tag-france","15":"tag-news","16":"tag-parallaxeinfeed","17":"tag-republique-francaise","18":"tag-tour-de-france-femmes"},"share_on_mastodon":{"url":"https:\/\/pubeurope.com\/@fr\/115416702406182264","error":""},"_links":{"self":[{"href":"https:\/\/www.europesays.com\/fr\/wp-json\/wp\/v2\/posts\/481465","targetHints":{"allow":["GET"]}}],"collection":[{"href":"https:\/\/www.europesays.com\/fr\/wp-json\/wp\/v2\/posts"}],"about":[{"href":"https:\/\/www.europesays.com\/fr\/wp-json\/wp\/v2\/types\/post"}],"author":[{"embeddable":true,"href":"https:\/\/www.europesays.com\/fr\/wp-json\/wp\/v2\/users\/2"}],"replies":[{"embeddable":true,"href":"https:\/\/www.europesays.com\/fr\/wp-json\/wp\/v2\/comments?post=481465"}],"version-history":[{"count":0,"href":"https:\/\/www.europesays.com\/fr\/wp-json\/wp\/v2\/posts\/481465\/revisions"}],"wp:featuredmedia":[{"embeddable":true,"href":"https:\/\/www.europesays.com\/fr\/wp-json\/wp\/v2\/media\/481466"}],"wp:attachment":[{"href":"https:\/\/www.europesays.com\/fr\/wp-json\/wp\/v2\/media?parent=481465"}],"wp:term":[{"taxonomy":"category","embeddable":true,"href":"https:\/\/www.europesays.com\/fr\/wp-json\/wp\/v2\/categories?post=481465"},{"taxonomy":"post_tag","embeddable":true,"href":"https:\/\/www.europesays.com\/fr\/wp-json\/wp\/v2\/tags?post=481465"}],"curies":[{"name":"wp","href":"https:\/\/api.w.org\/{rel}","templated":true}]}}