{"id":481467,"date":"2025-10-22T07:45:14","date_gmt":"2025-10-22T07:45:14","guid":{"rendered":"https:\/\/www.europesays.com\/fr\/481467\/"},"modified":"2025-10-22T07:45:14","modified_gmt":"2025-10-22T07:45:14","slug":"lalterna-stade-poitevin-peut-avoir-des-regrets-pour-commencer","status":"publish","type":"post","link":"https:\/\/www.europesays.com\/fr\/481467\/","title":{"rendered":"L\u2019Alterna Stade Poitevin peut avoir des regrets pour commencer"},"content":{"rendered":"<p><strong>Saint-Nazaire\u00a0&#8211; Alterna Stade Poitevin\u00a0: 3-2<\/strong><\/p>\n<p>De notre envoy\u00e9 sp\u00e9cial \u00e0 Saint-Nazaire<\/p>\n<p>La \u00ab\u00a0Vague\u00a0\u00bb ne s\u2019affiche pas en grand pour rien \u00e0 l\u2019ext\u00e9rieur et dans le gymnase Coubertin ou sur les nombreuses \u00e9charpes de spectateurs nazairiens attach\u00e9s \u00e0 ce slogan. L\u2019Alterna Stade Poitevin n\u2019y a en tout cas pas r\u00e9sist\u00e9, ce mardi 21\u00a0octobre 2025, en Loire-Atlantique et cela a englouti ses espoirs de lancer cette saison par une victoire. Difficile \u00e0 croire \u00e0 la vue du score, ou plut\u00f4t \u00ab\u00a0du tsunami\u00a0\u00bb stadiste, du premier set (11-25) mais Dan Lewis et ses prot\u00e9g\u00e9s ont bien fini par s\u2019incliner au tie-break&#8230;. <\/p>\n<p>    Cet article a \u00e9t\u00e9 tronqu\u00e9. Abonnez-vous pour lire l&rsquo;article complet sur notre site.<\/p>\n<p style=\"margin: 0 !important; padding: 0 !important; font-size: 12px !important;\">Cet article a \u00e9t\u00e9 tronqu\u00e9. Abonnez-vous pour lire l&rsquo;article complet.<\/p>\n<p>    <a href=\"https:\/\/www.lanouvellerepublique.fr\/abonnements\" style=\"display: inline-block; margin-top: 5px !important; padding: 6px 12px !important; background: #cb1c27; color: white; text-decoration: none; border-radius: 4px; font-size: 12px !important;\" target=\"_blank\" rel=\"noopener\"><br \/>\n      S&rsquo;abonner<br \/>\n    <\/a><\/p>\n","protected":false},"excerpt":{"rendered":"Saint-Nazaire\u00a0&#8211; Alterna Stade Poitevin\u00a0: 3-2 De notre envoy\u00e9 sp\u00e9cial \u00e0 Saint-Nazaire La \u00ab\u00a0Vague\u00a0\u00bb ne s\u2019affiche pas en grand&hellip;\n","protected":false},"author":2,"featured_media":481468,"comment_status":"","ping_status":"","sticky":false,"template":"","format":"standard","meta":{"footnotes":""},"categories":[1417],"tags":[1392,1654,1011,27,1655,1653,60,1584,1470,1469],"class_list":{"0":"post-481467","1":"post","2":"type-post","3":"status-publish","4":"format-standard","5":"has-post-thumbnail","7":"category-volley","8":"tag-a-la-une-local","9":"tag-alterna-stade-poitevin-volley-ball","10":"tag-fr","11":"tag-france","12":"tag-ligue-a","13":"tag-poitiers","14":"tag-sports","15":"tag-vienne","16":"tag-volley","17":"tag-volleyball"},"share_on_mastodon":{"url":"","error":""},"_links":{"self":[{"href":"https:\/\/www.europesays.com\/fr\/wp-json\/wp\/v2\/posts\/481467","targetHints":{"allow":["GET"]}}],"collection":[{"href":"https:\/\/www.europesays.com\/fr\/wp-json\/wp\/v2\/posts"}],"about":[{"href":"https:\/\/www.europesays.com\/fr\/wp-json\/wp\/v2\/types\/post"}],"author":[{"embeddable":true,"href":"https:\/\/www.europesays.com\/fr\/wp-json\/wp\/v2\/users\/2"}],"replies":[{"embeddable":true,"href":"https:\/\/www.europesays.com\/fr\/wp-json\/wp\/v2\/comments?post=481467"}],"version-history":[{"count":0,"href":"https:\/\/www.europesays.com\/fr\/wp-json\/wp\/v2\/posts\/481467\/revisions"}],"wp:featuredmedia":[{"embeddable":true,"href":"https:\/\/www.europesays.com\/fr\/wp-json\/wp\/v2\/media\/481468"}],"wp:attachment":[{"href":"https:\/\/www.europesays.com\/fr\/wp-json\/wp\/v2\/media?parent=481467"}],"wp:term":[{"taxonomy":"category","embeddable":true,"href":"https:\/\/www.europesays.com\/fr\/wp-json\/wp\/v2\/categories?post=481467"},{"taxonomy":"post_tag","embeddable":true,"href":"https:\/\/www.europesays.com\/fr\/wp-json\/wp\/v2\/tags?post=481467"}],"curies":[{"name":"wp","href":"https:\/\/api.w.org\/{rel}","templated":true}]}}