{"id":481471,"date":"2025-10-22T07:47:17","date_gmt":"2025-10-22T07:47:17","guid":{"rendered":"https:\/\/www.europesays.com\/fr\/481471\/"},"modified":"2025-10-22T07:47:17","modified_gmt":"2025-10-22T07:47:17","slug":"wta-lexcuse-plus-que-bancale-de-kostyuk-pour-expliquer-son-retard-sur-sabalenka-et-swiatek-elles-sont-beaucoup-plus-grandes-que-moi","status":"publish","type":"post","link":"https:\/\/www.europesays.com\/fr\/481471\/","title":{"rendered":"WTA > L&rsquo;excuse plus que bancale de Kostyuk pour expliquer son retard sur Sabalenka et Swiatek : \u00ab\u00a0Elles sont beaucoup plus grandes que moi\u00a0\u00bb"},"content":{"rendered":"<p>R\u00e9cemment inter\u00adrog\u00e9e par nos confr\u00e8res de <a href=\"https:\/\/www.tennis365.com\/tennis-news\/marta-kostyuk-interview-aryna-sabalenka-iga-swiatek-big-advantage\" data-wpel-link=\"external\" target=\"_blank\" rel=\"nofollow external noopener\">Tennis 365<\/a>, Marta Kostyuk, qui r\u00e9alise jusqu\u2019\u00e0 pr\u00e9sent une saison satis\u00adfai\u00adsante (26 victoires pour 20 d\u00e9faites), a tent\u00e9 d\u2019ex\u00adpli\u00adquer ce qui lui manquait pour atteindre le niveau des meilleures joueuses du monde, comme Aryna Sabalenka et Iga Swiatek.<\/p>\n<p>Et certains de ses argu\u00adments sont diffi\u00adci\u00adle\u00adment recevables.\u00a0<\/p>\n<p><strong>\u00ab\u202fContre Iga (Swiatek), quand je l\u2019ai affront\u00e9e, je n\u2019\u00e9tais pas du tout pr\u00eate \u00e0 jouer contre elle. Je l\u2019ai affront\u00e9e il y a plus d\u2019un an et elle \u00e9tait tr\u00e8s forte. Avec Aryna (Sabalenka), je sais que ce sera une bataille diffi\u00adcile. J\u2019ai mes propres comp\u00e9\u00adtences, mais en fin de compte, elles sont toutes beau\u00adcoup plus grandes que moi, beau\u00adcoup plus fortes que moi\u202f\u00bb<\/strong>, a d\u00e9clar\u00e9 l\u2019Ukrainienne avant de pour\u00adsuivre. <strong>\u00ab\u202fNous avons tous notre propre consti\u00adtu\u00adtion physique. Certains ont un taux de testo\u00adst\u00e9\u00adrone plus \u00e9lev\u00e9, d\u2019autres plus faible. C\u2019est tout \u00e0 fait naturel et cela aide ind\u00e9\u00adnia\u00adble\u00adment. Je me sens plus petite qu\u2019elle. J\u2019essaie de trouver comment battre ces joueuses avec les comp\u00e9\u00adtences tennis\u00adtiques que je poss\u00e8de, mais je dois travailler plus dur pour gagner des points. Je dois courir beau\u00adcoup plus qu\u2019elles pour gagner des points.\u202f\u00bb<\/strong><\/p>\n<p>\u00c0 titre d\u2019in\u00adfor\u00adma\u00adtions, Marta Kostyuk mesure 1,75\u202fm selon le site de la WTA, soit un petit centi\u00adm\u00e8tre de moins qu\u2019Iga Swiatek (1,76\u202fm) et sept de moins qu\u2019Aryna Sabalenka.\u00a0<\/p>\n<p class=\"post-published-date\" style=\"color: silver; font-size: 75%; text-align: left;\">Publi\u00e9 le mardi 21 octobre 2025 \u00e0 13:09<\/p>\n","protected":false},"excerpt":{"rendered":"R\u00e9cemment inter\u00adrog\u00e9e par nos confr\u00e8res de Tennis 365, Marta Kostyuk, qui r\u00e9alise jusqu\u2019\u00e0 pr\u00e9sent une saison satis\u00adfai\u00adsante (26&hellip;\n","protected":false},"author":2,"featured_media":481472,"comment_status":"","ping_status":"","sticky":false,"template":"","format":"standard","meta":{"footnotes":""},"categories":[1415],"tags":[7615,1011,27,2200,60,1467],"class_list":{"0":"post-481471","1":"post","2":"type-post","3":"status-publish","4":"format-standard","5":"has-post-thumbnail","7":"category-tennis","8":"tag-aryna-sabalenka","9":"tag-fr","10":"tag-france","11":"tag-iga-swiatek","12":"tag-sports","13":"tag-tennis"},"share_on_mastodon":{"url":"https:\/\/pubeurope.com\/@fr\/115416717268651964","error":""},"_links":{"self":[{"href":"https:\/\/www.europesays.com\/fr\/wp-json\/wp\/v2\/posts\/481471","targetHints":{"allow":["GET"]}}],"collection":[{"href":"https:\/\/www.europesays.com\/fr\/wp-json\/wp\/v2\/posts"}],"about":[{"href":"https:\/\/www.europesays.com\/fr\/wp-json\/wp\/v2\/types\/post"}],"author":[{"embeddable":true,"href":"https:\/\/www.europesays.com\/fr\/wp-json\/wp\/v2\/users\/2"}],"replies":[{"embeddable":true,"href":"https:\/\/www.europesays.com\/fr\/wp-json\/wp\/v2\/comments?post=481471"}],"version-history":[{"count":0,"href":"https:\/\/www.europesays.com\/fr\/wp-json\/wp\/v2\/posts\/481471\/revisions"}],"wp:featuredmedia":[{"embeddable":true,"href":"https:\/\/www.europesays.com\/fr\/wp-json\/wp\/v2\/media\/481472"}],"wp:attachment":[{"href":"https:\/\/www.europesays.com\/fr\/wp-json\/wp\/v2\/media?parent=481471"}],"wp:term":[{"taxonomy":"category","embeddable":true,"href":"https:\/\/www.europesays.com\/fr\/wp-json\/wp\/v2\/categories?post=481471"},{"taxonomy":"post_tag","embeddable":true,"href":"https:\/\/www.europesays.com\/fr\/wp-json\/wp\/v2\/tags?post=481471"}],"curies":[{"name":"wp","href":"https:\/\/api.w.org\/{rel}","templated":true}]}}