{"id":481473,"date":"2025-10-22T07:49:15","date_gmt":"2025-10-22T07:49:15","guid":{"rendered":"https:\/\/www.europesays.com\/fr\/481473\/"},"modified":"2025-10-22T07:49:15","modified_gmt":"2025-10-22T07:49:15","slug":"quartararo-pret-a-chiper-sur-le-fil-un-tres-beau-trophee-aux-freres-marquez","status":"publish","type":"post","link":"https:\/\/www.europesays.com\/fr\/481473\/","title":{"rendered":"Quartararo pr\u00eat \u00e0 chiper sur le fil un tr\u00e8s beau troph\u00e9e aux fr\u00e8res M\u00e1rquez ?"},"content":{"rendered":"<p>Et si Fabio Quartararo venait \u00e0 chiper sur le fil un tr\u00e8s beau troph\u00e9e d&rsquo;ici la fin de saison aux fr\u00e8res M\u00e1rquez ? Alors que Marc a \u00e9t\u00e9 sacr\u00e9 champion du monde au Japon, il est dor\u00e9navant bless\u00e9 mais esp\u00e8re revenir avant la fin du championnat. Cependant, il a manqu\u00e9 le Grand Prix d&rsquo;Australie et va manquer celui de Malaisie. Il pourrait manquer d&rsquo;autres courses et cela pourrait profiter \u00e0 \u00c1lex, son petit fr\u00e8re ou \u00e0 Fabio Quartararo. Car les trois pilotes sont toujours en course pour obtenir le BMW M Award. Cette r\u00e9compense est attribu\u00e9e au pilote le plus performant en qualifications et pour l&rsquo;heure, c&rsquo;est Marc M\u00e1rquez qui domine le classement, devant son petit fr\u00e8re et Fabio Quartararo.<\/p>\n<p>Quartararo en embuscade<\/p>\n<p>Marc M\u00e1rquez domine le classement du samedi avec 351 points et huit pole positions \u00e0 son actif. Sauf que son petit fr\u00e8re Alex le talonne de pr\u00e8s, avec 292 points et une seule pole, sign\u00e9e en Catalogne. L\u2019\u00e9cart de 59 points est encore cons\u00e9quent mais avec la blessure de Marc, les cartes ont \u00e9t\u00e9 redistribu\u00e9es. \u00c1lex M\u00e1rquez et Fabio Quartararo peuvent donc en profiter. Car le Fran\u00e7ais est troisi\u00e8me du classement, avec 271 points. Avec trois s\u00e9ances de qualification restantes au calendrier, il y a encore de nombreux points en jeu et le Ni\u00e7ois pourrait bien s&rsquo;imposer sur le fil devant les fr\u00e8res M\u00e1rquez. Il faut noter que la r\u00e9compense est de taille, avec le vainqueur qui repartira au volant de la nouvelle BMW M2 CS, \u00e0 savoir une \u00e9dition sp\u00e9ciale d\u00e9voil\u00e9e en mai. Cette voiture est estim\u00e9e \u00e0 141 100 \u20ac et elle poss\u00e8de six cylindres en ligne M TwinPower Turbo de 530 chevaux, \u00e9tant capable d\u2019abattre le 0 \u00e0 100 km\/h en 3,8 secondes. Un sacr\u00e9 bolide donc et une r\u00e9compense de choix.<\/p>\n<p>   Partagez cette info avec vos amis et vos proches en cliquant ici<br \/> Pour r\u00e9sumer<\/p>\n<p>Et si Fabio Quartararo venait \u00e0 chiper sur le fil un tr\u00e8s beau troph\u00e9e d&rsquo;ici la fin de saison aux fr\u00e8res M\u00e1rquez ? Alors que Marc a \u00e9t\u00e9 sacr\u00e9 champion du monde au Japon, il est dor\u00e9navant bless\u00e9 mais esp\u00e8re revenir avant la fin du championnat.<\/p>\n<p>R\u00e9dacteur<\/p>\n<p><img decoding=\"async\" width=\"76\" height=\"76\" loading=\"lazy\" src=\"https:\/\/www.europesays.com\/fr\/wp-content\/uploads\/2025\/06\/logo-victor-willems.jpg\" alt=\"Victor Willems\"\/><\/p>\n","protected":false},"excerpt":{"rendered":"Et si Fabio Quartararo venait \u00e0 chiper sur le fil un tr\u00e8s beau troph\u00e9e d&rsquo;ici la fin de&hellip;\n","protected":false},"author":2,"featured_media":481474,"comment_status":"","ping_status":"","sticky":false,"template":"","format":"standard","meta":{"footnotes":""},"categories":[1413],"tags":[1011,27,1457,1456,60,59961],"class_list":{"0":"post-481473","1":"post","2":"type-post","3":"status-publish","4":"format-standard","5":"has-post-thumbnail","7":"category-moto","8":"tag-fr","9":"tag-france","10":"tag-moto","11":"tag-motocycle","12":"tag-sports","13":"tag-sports-moto"},"share_on_mastodon":{"url":"https:\/\/pubeurope.com\/@fr\/115416726083969160","error":""},"_links":{"self":[{"href":"https:\/\/www.europesays.com\/fr\/wp-json\/wp\/v2\/posts\/481473","targetHints":{"allow":["GET"]}}],"collection":[{"href":"https:\/\/www.europesays.com\/fr\/wp-json\/wp\/v2\/posts"}],"about":[{"href":"https:\/\/www.europesays.com\/fr\/wp-json\/wp\/v2\/types\/post"}],"author":[{"embeddable":true,"href":"https:\/\/www.europesays.com\/fr\/wp-json\/wp\/v2\/users\/2"}],"replies":[{"embeddable":true,"href":"https:\/\/www.europesays.com\/fr\/wp-json\/wp\/v2\/comments?post=481473"}],"version-history":[{"count":0,"href":"https:\/\/www.europesays.com\/fr\/wp-json\/wp\/v2\/posts\/481473\/revisions"}],"wp:featuredmedia":[{"embeddable":true,"href":"https:\/\/www.europesays.com\/fr\/wp-json\/wp\/v2\/media\/481474"}],"wp:attachment":[{"href":"https:\/\/www.europesays.com\/fr\/wp-json\/wp\/v2\/media?parent=481473"}],"wp:term":[{"taxonomy":"category","embeddable":true,"href":"https:\/\/www.europesays.com\/fr\/wp-json\/wp\/v2\/categories?post=481473"},{"taxonomy":"post_tag","embeddable":true,"href":"https:\/\/www.europesays.com\/fr\/wp-json\/wp\/v2\/tags?post=481473"}],"curies":[{"name":"wp","href":"https:\/\/api.w.org\/{rel}","templated":true}]}}