{"id":481477,"date":"2025-10-22T07:51:15","date_gmt":"2025-10-22T07:51:15","guid":{"rendered":"https:\/\/www.europesays.com\/fr\/481477\/"},"modified":"2025-10-22T07:51:15","modified_gmt":"2025-10-22T07:51:15","slug":"deux-renforts-pour-le-team-cote-de-granit-rose-actualite-2","status":"publish","type":"post","link":"https:\/\/www.europesays.com\/fr\/481477\/","title":{"rendered":"Deux renforts pour le Team C\u00f4te de Granit Rose &#8211; Actualit\u00e9"},"content":{"rendered":"<p style=\"text-align: justify;\">Le Tema C\u00f4te de Granit Rose enregistre le renfort de deux nouveaux coureurs pour 2026 avec l&rsquo;arriv\u00e9e de Mathis Corlay Le Baron (UCK Vannes Bretagne Sud Cyclisme) et Killian Tharrut (Dinan Sport Cycling).<\/p>\n<p>Mathis Corlay Le Baron, 21 ans, s&rsquo;est class\u00e9 9e du Grand Prix de Saint-Philibert en Tr\u00e9gunc, 11e de l&rsquo;\u00e9tape de Sizun de la Ronde Finist\u00e9rienne, 19e de la Ronde du Viaduc \u00e0 Morlaix et 20e du Tour de Rhuys. L&rsquo;an dernier, il avait termin\u00e9 2e des Boucles Ding\u00e9ennes et 4e du Tour de Rhuys.<\/p>\n<p>Killian Tharrut, 22 ans, a pris la 5e place de la derni\u00e8re \u00e9tape du Tour des Mauges, la 6e de la Fl\u00e8che Bigoud\u00e8ne, la 8e du Troph\u00e9e Cug&rsquo;Anim, la 9e de l&rsquo;\u00e9tape en ligne du Circuit du Men\u00e9 ou encore la 16e du Kritos Romantic. En gravel, il \u00e9tait devenu Champion du Monde Amateur des 19-34 ans l&rsquo;an dernier.<\/p>\n<p>Retrouvez toutes les mutations de l&rsquo;intersaison\u00a0<a href=\"https:\/\/www.directvelo.com\/mutations\/2026\" target=\"_blank\" rel=\"noopener\"><strong>en cliquant ici<\/strong><\/a>.<\/p>\n","protected":false},"excerpt":{"rendered":"Le Tema C\u00f4te de Granit Rose enregistre le renfort de deux nouveaux coureurs pour 2026 avec l&rsquo;arriv\u00e9e de&hellip;\n","protected":false},"author":2,"featured_media":481478,"comment_status":"","ping_status":"","sticky":false,"template":"","format":"standard","meta":{"footnotes":""},"categories":[1411],"tags":[834,828,836,829,837,827,83,826,824,823,1154,207,814,817,815,816,822,821,832,211,839,1011,27,820,818,819,835,831,830,833,838,60,212,208,825],"class_list":{"0":"post-481477","1":"post","2":"type-post","3":"status-publish","4":"format-standard","5":"has-post-thumbnail","7":"category-cyclisme","8":"tag-attaque","9":"tag-belgique","10":"tag-braquet","11":"tag-bretagne","12":"tag-chute","13":"tag-competition","14":"tag-coupe-de-france","15":"tag-coureur","16":"tag-course-cyclisme","17":"tag-course-cycliste","18":"tag-cycling","19":"tag-cyclisme","20":"tag-direct","21":"tag-direct-velo","22":"tag-directvelo","23":"tag-directvelo-com","24":"tag-epreuve","25":"tag-epreuve-cycliste","26":"tag-federation-francaise-de-cyclisme","27":"tag-ffc","28":"tag-flandres","29":"tag-fr","30":"tag-france","31":"tag-live","32":"tag-live-course","33":"tag-live-epreuve","34":"tag-peloton","35":"tag-radio-peloton","36":"tag-radio-tour","37":"tag-ravitaillement","38":"tag-relance","39":"tag-sports","40":"tag-uci","41":"tag-velo","42":"tag-velos"},"share_on_mastodon":{"url":"https:\/\/pubeurope.com\/@fr\/115416733037618143","error":""},"_links":{"self":[{"href":"https:\/\/www.europesays.com\/fr\/wp-json\/wp\/v2\/posts\/481477","targetHints":{"allow":["GET"]}}],"collection":[{"href":"https:\/\/www.europesays.com\/fr\/wp-json\/wp\/v2\/posts"}],"about":[{"href":"https:\/\/www.europesays.com\/fr\/wp-json\/wp\/v2\/types\/post"}],"author":[{"embeddable":true,"href":"https:\/\/www.europesays.com\/fr\/wp-json\/wp\/v2\/users\/2"}],"replies":[{"embeddable":true,"href":"https:\/\/www.europesays.com\/fr\/wp-json\/wp\/v2\/comments?post=481477"}],"version-history":[{"count":0,"href":"https:\/\/www.europesays.com\/fr\/wp-json\/wp\/v2\/posts\/481477\/revisions"}],"wp:featuredmedia":[{"embeddable":true,"href":"https:\/\/www.europesays.com\/fr\/wp-json\/wp\/v2\/media\/481478"}],"wp:attachment":[{"href":"https:\/\/www.europesays.com\/fr\/wp-json\/wp\/v2\/media?parent=481477"}],"wp:term":[{"taxonomy":"category","embeddable":true,"href":"https:\/\/www.europesays.com\/fr\/wp-json\/wp\/v2\/categories?post=481477"},{"taxonomy":"post_tag","embeddable":true,"href":"https:\/\/www.europesays.com\/fr\/wp-json\/wp\/v2\/tags?post=481477"}],"curies":[{"name":"wp","href":"https:\/\/api.w.org\/{rel}","templated":true}]}}