{"id":481481,"date":"2025-10-22T07:53:19","date_gmt":"2025-10-22T07:53:19","guid":{"rendered":"https:\/\/www.europesays.com\/fr\/481481\/"},"modified":"2025-10-22T07:53:19","modified_gmt":"2025-10-22T07:53:19","slug":"samuel-etienne-prend-la-parole-sur-les-intentions-malveillantes-contre-lui","status":"publish","type":"post","link":"https:\/\/www.europesays.com\/fr\/481481\/","title":{"rendered":"Samuel Etienne prend la parole sur les intentions \u00ab\u00a0malveillantes\u00a0\u00bb contre lui"},"content":{"rendered":"<p>Mardi 21 octobre 2025 dans la soir\u00e9e, Samuel Etienne a partag\u00e9 un message sur X \u00e9voquant sans citer nomm\u00e9ment la plainte opposant Fugu et Helydia, cette derni\u00e8re accusant son ex-petit ami de violences physiques et psychologiques. Une affaire judiciaire entre streamers qui a fait parler sur les r\u00e9seaux sociaux, notamment l&rsquo;animateur devenu cr\u00e9ateur de contenu Twitch.<\/p>\n<p>Alors que Samuel \u00c9tienne a r\u00e9cemment fait parler de lui pour <a href=\"https:\/\/www.programme-tv.net\/news\/people\/390248-cette-image-commence-a-circuler-samuel-etienne-mele-malgre-lui-au-vol-du-louvre-il-retablit-avec-humour-la-verite\/\" data-api-deeplink=\"teleloisirs:\/\/news\/390248\" target=\"_blank\" rel=\"noopener\">sa r\u00e9action pleine d&rsquo;humour au vol de bijoux au Louvre<\/a>, c&rsquo;est dans une autre affaire judiciaire que le journaliste de 54 ans a pris la parole. L&rsquo;animateur t\u00e9l\u00e9 devenu personnalit\u00e9 influente sur Twitch s&rsquo;est exprim\u00e9 \u00e0 plusieurs reprises sur le conflit opposant Helydia, \u00e9toile montant du stream suivie par un million d&rsquo;abonn\u00e9s sur Twitch, et son ex-petit-ami, Fugu, \u00e9galement cr\u00e9ateur de contenu gaming. Pour rappel, la jeune femme de 21 ans accuse son ancien compagnon, \u00e2g\u00e9 de 26 ans, de violences physiques et psychologiques quand elle avait 19 ans ; des faits pour lesquels elle a annonc\u00e9 porter plainte. De son c\u00f4t\u00e9, le mis en cause a souhait\u00e9 \u00ab\u00a0r\u00e9tablir la v\u00e9rit\u00e9\u00a0\u00bb dans une vid\u00e9o d\u00e9non\u00e7ant une relation mutuellement toxique et des \u00ab\u00a0\u00e9pisodes plus ou moins violents des deux c\u00f4t\u00e9s\u00a0\u00bb.<\/p>\n<p>                        Samuel \u00c9tienne fustige \u00ab\u00a0les intentions malveillantes\u00a0\u00bb \u00e0 son encontre<\/p>\n<p>Dans ce contexte, qui a donn\u00e9 lieu \u00e0 un cyberharc\u00e8lement misogyne \u00e0 l&rsquo;encontre d&rsquo;Helydia, Samuel \u00c9tienne s&rsquo;\u00e9tait exprim\u00e9 pour la d\u00e9fendre, saluant son courage \u00ab\u00a0de prendre la parole et d&rsquo;avoir surmont\u00e9 ces \u00e9preuves\u00a0\u00bb. \u00ab\u00a0Elle n&rsquo;a pas d&rsquo;int\u00e9r\u00eat \u00e0 porter plainte si ces faits ne sont pas av\u00e9r\u00e9s. Qu&rsquo;a-t-elle \u00e0 gagner dans ce d\u00e9p\u00f4t de plainte : sa carri\u00e8re de cr\u00e9atrice de contenu l\u00e0, \u00e0 court et moyen terme, est impossible ou compliqu\u00e9e. Son chat, quand elle va relancer un live, va \u00eatre un enfer. J&rsquo;ai choisi de la croire. Je ne change aucune ligne \u00e0 mon soutien car je n&rsquo;ai pas \u00e9t\u00e9 convaincu par la vid\u00e9o de Fugu\u00a0\u00bb, a-t-il fait savoir sur Twitch, une prise de position qui a suscit\u00e9 une vague de critiques de la part des soutiens du streamer accus\u00e9. Ce \u00e0 quoi <a href=\"https:\/\/www.programme-tv.net\/news\/tv\/385685-la-direction-de-france-televisions-tacle-samuel-etienne-sur-questions-pour-un-champion-il-fait-bien-son-travail-d-animateur-mais\/\" data-api-deeplink=\"teleloisirs:\/\/news\/385685\" target=\"_blank\" rel=\"noopener\">l&rsquo;animateur de Questions pour un champion<\/a> a r\u00e9pondu dans la soir\u00e9e, ce mardi 21 octobre 2025 : \u00ab\u00a0Soir\u00e9e tranquille. Heureux car on a bien travaill\u00e9 sur le stream MVP de demain. Et l\u00e0 je vais commencer \u00e0 lire les journaux pour la revue de presse. Et pour le reste, pour les intentions malveillantes que je constate depuis quelques heures, rira bien qui rira le dernier.\u00a0\u00bb<\/p>\n<p>            Samuel \u00c9tienne tr\u00e8s actif sur Twitch, cette passion qu&rsquo;il partage avec Helydia<\/p>\n<p>Helydia, alias C\u00e9lia Tansel, avait longuement racont\u00e9 son histoire dans un post sur X qui avait suscit\u00e9 de tr\u00e8s nombreux commentaires de toutes parts et de tous bords, certains la d\u00e9fendant et d&rsquo;autres prenant le parti de son ex-petit ami. La jeune femme, qui avait d\u00e9j\u00e0 collabor\u00e9 par le pass\u00e9 avec Samuel \u00c9tienne, partage avec l&rsquo;homme de t\u00e9l\u00e9 <a href=\"https:\/\/www.programme-tv.net\/news\/people\/386528-c-est-ma-faute-samuel-etienne-revient-sur-sa-grosse-bourde-lors-d-une-competition-avec-lequipe-de-france-d-esport\/\" data-api-deeplink=\"teleloisirs:\/\/news\/386528\" target=\"_blank\" rel=\"noopener\">une passion pour le jeu vid\u00e9o Valorant<\/a>.<\/p>\n","protected":false},"excerpt":{"rendered":"Mardi 21 octobre 2025 dans la soir\u00e9e, Samuel Etienne a partag\u00e9 un message sur X \u00e9voquant sans citer&hellip;\n","protected":false},"author":2,"featured_media":481482,"comment_status":"","ping_status":"","sticky":false,"template":"","format":"standard","meta":{"footnotes":""},"categories":[1359],"tags":[60494,244,58,59,1011,27,973,11013,6569,1749],"class_list":{"0":"post-481481","1":"post","2":"type-post","3":"status-publish","4":"format-standard","5":"has-post-thumbnail","7":"category-people","8":"tag-accusation","9":"tag-commentaire","10":"tag-divertissement","11":"tag-entertainment","12":"tag-fr","13":"tag-france","14":"tag-people","15":"tag-samuel-etienne","16":"tag-streamers","17":"tag-twitch"},"share_on_mastodon":{"url":"https:\/\/pubeurope.com\/@fr\/115416740960426978","error":""},"_links":{"self":[{"href":"https:\/\/www.europesays.com\/fr\/wp-json\/wp\/v2\/posts\/481481","targetHints":{"allow":["GET"]}}],"collection":[{"href":"https:\/\/www.europesays.com\/fr\/wp-json\/wp\/v2\/posts"}],"about":[{"href":"https:\/\/www.europesays.com\/fr\/wp-json\/wp\/v2\/types\/post"}],"author":[{"embeddable":true,"href":"https:\/\/www.europesays.com\/fr\/wp-json\/wp\/v2\/users\/2"}],"replies":[{"embeddable":true,"href":"https:\/\/www.europesays.com\/fr\/wp-json\/wp\/v2\/comments?post=481481"}],"version-history":[{"count":0,"href":"https:\/\/www.europesays.com\/fr\/wp-json\/wp\/v2\/posts\/481481\/revisions"}],"wp:featuredmedia":[{"embeddable":true,"href":"https:\/\/www.europesays.com\/fr\/wp-json\/wp\/v2\/media\/481482"}],"wp:attachment":[{"href":"https:\/\/www.europesays.com\/fr\/wp-json\/wp\/v2\/media?parent=481481"}],"wp:term":[{"taxonomy":"category","embeddable":true,"href":"https:\/\/www.europesays.com\/fr\/wp-json\/wp\/v2\/categories?post=481481"},{"taxonomy":"post_tag","embeddable":true,"href":"https:\/\/www.europesays.com\/fr\/wp-json\/wp\/v2\/tags?post=481481"}],"curies":[{"name":"wp","href":"https:\/\/api.w.org\/{rel}","templated":true}]}}