{"id":481483,"date":"2025-10-22T07:54:23","date_gmt":"2025-10-22T07:54:23","guid":{"rendered":"https:\/\/www.europesays.com\/fr\/481483\/"},"modified":"2025-10-22T07:54:23","modified_gmt":"2025-10-22T07:54:23","slug":"galeries-qui-ouvre-qui-ferme-qui-demenage-le-quotidien-de-lart","status":"publish","type":"post","link":"https:\/\/www.europesays.com\/fr\/481483\/","title":{"rendered":"Galeries : qui ouvre, qui ferme, qui d\u00e9m\u00e9nage ? &#8211; Le Quotidien de l&#039;Art"},"content":{"rendered":"<ol>\n<li><a href=\"https:\/\/news.google.com\/rss\/articles\/CBMiqAFBVV95cUxQN0o4M2tNYVVabUxHSjFtaUp4VkcwRnJIVHFESVFuOXAyYWRVSXFtUDdGbWlkbjRFSVo0QzVqRllWSzZtcHd2M2h4dXYwLW1KZGNQVnNseU50Y09xcmF5N0ltb19reXlJX05YUmNWQ2J5WC1MTXAyTVpjY2pLUkk4SmM5cU1mWnRkcXJTdGFBeE01ZWtuUTJ1dkxTa2MyYUd5dG5IQ3RDTS0?oc=5\" target=\"_blank\" rel=\"noopener\">Galeries : qui ouvre, qui ferme, qui d\u00e9m\u00e9nage ?<\/a>&nbsp;&nbsp;Le Quotidien de l&rsquo;Art<\/li>\n<li><a href=\"https:\/\/news.google.com\/rss\/articles\/CBMi6wFBVV95cUxOYkVGYng0bk9nNW0tMU9SN1VxUWx6NUFPa2pybVlRbW9yNnJnSUkzUGdKRG5temt3WEF0QmVMMnJhVWxRNGZLVEpHamdpdkRQRGpfNVpVYkloWHpsdndCOUhkczBBVnVvN1lMYWVmbHpxVkZuNDIzbm5XYkhBSTJqWUtENDlfVlVDWUVyd29nd2NPd19xMEY5dENMVGpSeTI4R0E5U0JkeU1id1Nlckp5V0xvNmFNcW9ndU1zdF8wX21kTUREZ2s1VVpNbmdtSGJ6VC1JX2NXUDlYUlMza1ptVnhPaVRxa3lLYWlj?oc=5\" target=\"_blank\" rel=\"noopener\">Art contemporain : dans l\u2019ombre des foires, la gal\u00e8re des galeries<\/a>&nbsp;&nbsp;Lib\u00e9ration<\/li>\n<li><a href=\"https:\/\/news.google.com\/rss\/articles\/CBMirwFBVV95cUxOVUZYUGZoOUZfekpzbUE5cTlqSWpWekVKWUF2UjNHZ0ZEd2FvZExVWTNncW1WNzhHNWVZOHIxQURCcTVFVmxsN1MwdUxnZUk4TVpHU3hWV040NHNqeGlGVEdHWVRxRW5OLTR2SHJNVWlBajVsMzNOblRNZ3hvbEoyLWtzQWJMSktMMFdoMDQ3LWVfblRjYXZGZ1dYQ1RzZVlTLW1lMUQzNl9LQmJOaDNB?oc=5\" target=\"_blank\" rel=\"noopener\">Le march\u00e9 de l\u2019art 2025-2026<\/a>&nbsp;&nbsp;Connaissance des Arts<\/li>\n<li><a href=\"https:\/\/news.google.com\/rss\/articles\/CBMioAFBVV95cUxPUXI2TGZKQ3VNVUM3eUdwdFBOalo1ODBubmF2djhDMGRSUW5UTnlhOUdYMmFVRlFNNWhlOG84MHI5dDYwajJYZUdWZzdZMUdCcVFIbkxLd2dFWWJYZEJCeFdkamVjRHlfTlp6NHZFV1VldEdVTU9lNHhGQnBLY3ZkaTRkckQ0YWh3eGh4Q0VTT1B5TVEzbjV0RlJJZXNQTGtu?oc=5\" target=\"_blank\" rel=\"noopener\">G\u00e9opolitique &#8211; Les bouleversements de l&rsquo;art contemporain<\/a>&nbsp;&nbsp;RFI<\/li>\n<li><a href=\"https:\/\/news.google.com\/rss\/articles\/CBMiekFVX3lxTFBQWGlYWVJKVEIyaVBRcVJFLVdrQlRveVc5OHVXV2xuNGJNUkNuT0VycHpVU2t2U2NQSTRMUklGeF96OEN6MXdDVmpVV1U5YXJlejlyMHBHbUlDSnNmaDBINXNVZl9vQ01WcDB1YVZ5ME5sVkhUcHdpd093?oc=5\" target=\"_blank\" rel=\"noopener\">Art : richesse priv\u00e9e, aust\u00e9rit\u00e9 publique<\/a>&nbsp;&nbsp;Le Journal<\/li>\n<\/ol>\n","protected":false},"excerpt":{"rendered":"Galeries : qui ouvre, qui ferme, qui d\u00e9m\u00e9nage ?&nbsp;&nbsp;Le Quotidien de l&rsquo;Art Art contemporain : dans l\u2019ombre des&hellip;\n","protected":false},"author":2,"featured_media":481484,"comment_status":"","ping_status":"","sticky":false,"template":"","format":"standard","meta":{"footnotes":""},"categories":[1358],"tags":[1396,1348,1384,60496,1385,1386,58,59,8181,1011,27,7455,39394,60495,1397,626,7463],"class_list":{"0":"post-481483","1":"post","2":"type-post","3":"status-publish","4":"format-standard","5":"has-post-thumbnail","7":"category-arts-et-design","8":"tag-art-contemporain","9":"tag-arts","10":"tag-arts-and-design","11":"tag-arts-asiatiques","12":"tag-arts-et-design","13":"tag-design","14":"tag-divertissement","15":"tag-entertainment","16":"tag-foires","17":"tag-fr","18":"tag-france","19":"tag-galeries","20":"tag-galeristes","21":"tag-jocelyn-wolff","22":"tag-marche-de-lart","23":"tag-paris","24":"tag-rapport-ubs-art-basel"},"share_on_mastodon":{"url":"https:\/\/pubeurope.com\/@fr\/115416744966491419","error":""},"_links":{"self":[{"href":"https:\/\/www.europesays.com\/fr\/wp-json\/wp\/v2\/posts\/481483","targetHints":{"allow":["GET"]}}],"collection":[{"href":"https:\/\/www.europesays.com\/fr\/wp-json\/wp\/v2\/posts"}],"about":[{"href":"https:\/\/www.europesays.com\/fr\/wp-json\/wp\/v2\/types\/post"}],"author":[{"embeddable":true,"href":"https:\/\/www.europesays.com\/fr\/wp-json\/wp\/v2\/users\/2"}],"replies":[{"embeddable":true,"href":"https:\/\/www.europesays.com\/fr\/wp-json\/wp\/v2\/comments?post=481483"}],"version-history":[{"count":0,"href":"https:\/\/www.europesays.com\/fr\/wp-json\/wp\/v2\/posts\/481483\/revisions"}],"wp:featuredmedia":[{"embeddable":true,"href":"https:\/\/www.europesays.com\/fr\/wp-json\/wp\/v2\/media\/481484"}],"wp:attachment":[{"href":"https:\/\/www.europesays.com\/fr\/wp-json\/wp\/v2\/media?parent=481483"}],"wp:term":[{"taxonomy":"category","embeddable":true,"href":"https:\/\/www.europesays.com\/fr\/wp-json\/wp\/v2\/categories?post=481483"},{"taxonomy":"post_tag","embeddable":true,"href":"https:\/\/www.europesays.com\/fr\/wp-json\/wp\/v2\/tags?post=481483"}],"curies":[{"name":"wp","href":"https:\/\/api.w.org\/{rel}","templated":true}]}}