{"id":481487,"date":"2025-10-22T07:56:13","date_gmt":"2025-10-22T07:56:13","guid":{"rendered":"https:\/\/www.europesays.com\/fr\/481487\/"},"modified":"2025-10-22T07:56:13","modified_gmt":"2025-10-22T07:56:13","slug":"ce-spin-off-tres-apprecie-est-officiellement-annule","status":"publish","type":"post","link":"https:\/\/www.europesays.com\/fr\/481487\/","title":{"rendered":"ce spin-off tr\u00e8s appr\u00e9ci\u00e9 est officiellement annul\u00e9"},"content":{"rendered":"<p>C\u2019est une nouvelle qui risque d\u2019en attrister plus d\u2019un. Trois ans apr\u00e8s sa sortie, un spin-off de <a href=\"https:\/\/www.journaldugeek.com\/dossier\/the-boys-et-gen-v-trop-woke-et-si-cetait-leur-plus-grande-force\/\" target=\"_blank\" rel=\"noopener\">The Boys<\/a> vient d\u2019\u00eatre officiellement annul\u00e9 par <a href=\"https:\/\/www.journaldugeek.com\/2025\/10\/14\/prime-video-vient-dannuler-cette-serie-du-top-10\/\" target=\"_blank\" rel=\"noopener\">Prime Video<\/a>. Un coup dur pour les fans de l\u2019univers imagin\u00e9 par Eric Kripke, d\u2019autant plus que la s\u00e9rie faisait figure d\u2019ovni cr\u00e9atif dans la franchise. Et m\u00eame si peu de monde s\u2019y attendait, la confirmation est tomb\u00e9e\u00a0: il n\u2019y aura pas de saison 2.<\/p>\n<p>Il s\u2019agit \u00e9videmment de <strong>The Boys\u00a0: Diabolica<\/strong>l, une s\u00e9rie anim\u00e9e au style vraiment singulier. Le cr\u00e9ateur de The Boys lui-m\u00eame a mis fin au suspense dans une interview accord\u00e9e \u00e0 The Wrap dans laquelle il d\u00e9clare\u00a0:<\/p>\n<blockquote>\n<p>\u201cJe ne pense pas qu\u2019il y aura une saison 2 de The Boys\u00a0: Diabolical. Ce n\u2019est pas faute d\u2019avoir insist\u00e9. Nous adorons cette s\u00e9rie, et Simon Racioppa [le showrunner] \u00e9tait pr\u00eat \u00e0 rempiler, mais nous n\u2019avons pas eu le feu vert.\u201d<\/p>\n<\/blockquote>\n<p>C\u2019est donc Prime Video qui a d\u00e9cid\u00e9 d\u2019arr\u00eater les frais avec le spin-off. Aucune annonce officielle n\u2019a \u00e9t\u00e9 faite par Amazon, mais les propos d\u2019Eric Kripke ne laissent gu\u00e8re de place au doute, Diabolical ne reviendra pas.<\/p>\n<p> Un ovni tr\u00e8s appr\u00e9ci\u00e9 des spectateurs <\/p>\n<p>C\u2019est bien dommage. Sortie en 2022, la s\u00e9rie anim\u00e9e avait surpris par son audace et sa vari\u00e9t\u00e9. Chaque \u00e9pisode, confi\u00e9 \u00e0 un studio d\u2019animation diff\u00e9rent, explorait un style unique, du cartoon d\u00e9jant\u00e9 au manga ultra-nerveux, tout en s\u2019inscrivant dans le ton satirique et violent de The Boys. Si elle n\u2019avait pas rencontr\u00e9 un large public, elle avait \u00e9t\u00e9 salu\u00e9e par la critique, avec un impressionnant score de 97\u00a0% sur Rotten Tomatoes. Un v\u00e9ritable petit bijou d\u2019exp\u00e9rimentation visuelle et narrative, aujourd\u2019hui priv\u00e9 de suite.<\/p>\n<p>    <a href=\"https:\/\/www.youtube.com\/user\/JournalduGeek?sub_confirmation=1\" target=\"_blank\" rel=\"nofollow noopener\"><br \/>\n        S&rsquo;abonner \u00e0 Journal du Geek<br \/>\n    <\/a> <\/p>\n<p>Heureusement, l\u2019univers The Boys continue de s\u2019\u00e9tendre. Prime Video mise d\u00e9sormais sur <a href=\"https:\/\/www.journaldugeek.com\/2025\/09\/17\/les-pouvoirs-de-gen-v-decryptes-ce-quils-disent-sur-lunivers-de-the-boys\/\" target=\"_blank\" rel=\"noopener\">Gen V<\/a>, dont la saison 2 vient tout juste de sortir et qui poursuit sur sa lanc\u00e9e apr\u00e8s un accueil globalement positif malgr\u00e9 quelques critiques pointant une \u00e9criture moins percutante que la premi\u00e8re saison. De son c\u00f4t\u00e9, la s\u00e9rie principale, The Boys, pr\u00e9pare sa saison 5, attendue pour 2026. Le tournage de Vought Rising, centr\u00e9e sur le personnage de Soldier Boy a d\u00e9j\u00e0 commenc\u00e9, tandis qu\u2019un autre spin-off, The Boys\u00a0: Mexico, est en d\u00e9veloppement.<\/p>\n<p>Mais pour les fans de Diabolical, cette annulation a un go\u00fbt amer. La s\u00e9rie avait prouv\u00e9 qu\u2019il \u00e9tait possible d\u2019explorer l\u2019univers de The Boys sans se contenter de copier la s\u00e9rie m\u00e8re. Ceux qui ne l\u2019ont pas encore vue peuvent heureusement la (re)d\u00e9couvrir sur Prime Video. Huit \u00e9pisodes aussi barr\u00e9s que brillants sont disponibles sur la plateforme d\u2019<a href=\"https:\/\/www.journaldugeek.com\/2025\/10\/19\/god-of-war-le-casting-et-lintrigue-de-la-serie-amazon-prime-leak-avant-lheure\/\" target=\"_blank\" rel=\"noopener\">Amazon<\/a>.<\/p>\n<blockquote>\n<p class=\"text-base text-neutral-700 dark:text-neutral-300\">\ud83d\udfe3 Pour ne manquer aucune news sur le Journal du Geek, abonnez-vous sur <a href=\"https:\/\/news.google.com\/publications\/CAAqBwgKMNr_hAswwYyCAw?hl=fr&amp;gl=FR&amp;ceid=FR%3Afr\" target=\"_blank\" rel=\"noopener\">Google Actualit\u00e9s<\/a> et sur <a href=\"https:\/\/whatsapp.com\/channel\/0029VaClM5y4tRry12tb7D2h\" target=\"_blank\" rel=\"noopener\">notre WhatsApp<\/a>. Et si vous nous adorez, on a <a href=\"https:\/\/www.journaldugeek.com\/newsletter\/\" target=\"_blank\" rel=\"noopener\">une newsletter tous les matins<\/a>.<\/p>\n<\/blockquote>\n","protected":false},"excerpt":{"rendered":"C\u2019est une nouvelle qui risque d\u2019en attrister plus d\u2019un. Trois ans apr\u00e8s sa sortie, un spin-off de The&hellip;\n","protected":false},"author":2,"featured_media":481488,"comment_status":"","ping_status":"","sticky":false,"template":"","format":"standard","meta":{"footnotes":""},"categories":[1356],"tags":[58,59,1011,27,252,55056,1364],"class_list":{"0":"post-481487","1":"post","2":"type-post","3":"status-publish","4":"format-standard","5":"has-post-thumbnail","7":"category-television","8":"tag-divertissement","9":"tag-entertainment","10":"tag-fr","11":"tag-france","12":"tag-television","13":"tag-the-boys","14":"tag-tv"},"share_on_mastodon":{"url":"https:\/\/pubeurope.com\/@fr\/115416752784010595","error":""},"_links":{"self":[{"href":"https:\/\/www.europesays.com\/fr\/wp-json\/wp\/v2\/posts\/481487","targetHints":{"allow":["GET"]}}],"collection":[{"href":"https:\/\/www.europesays.com\/fr\/wp-json\/wp\/v2\/posts"}],"about":[{"href":"https:\/\/www.europesays.com\/fr\/wp-json\/wp\/v2\/types\/post"}],"author":[{"embeddable":true,"href":"https:\/\/www.europesays.com\/fr\/wp-json\/wp\/v2\/users\/2"}],"replies":[{"embeddable":true,"href":"https:\/\/www.europesays.com\/fr\/wp-json\/wp\/v2\/comments?post=481487"}],"version-history":[{"count":0,"href":"https:\/\/www.europesays.com\/fr\/wp-json\/wp\/v2\/posts\/481487\/revisions"}],"wp:featuredmedia":[{"embeddable":true,"href":"https:\/\/www.europesays.com\/fr\/wp-json\/wp\/v2\/media\/481488"}],"wp:attachment":[{"href":"https:\/\/www.europesays.com\/fr\/wp-json\/wp\/v2\/media?parent=481487"}],"wp:term":[{"taxonomy":"category","embeddable":true,"href":"https:\/\/www.europesays.com\/fr\/wp-json\/wp\/v2\/categories?post=481487"},{"taxonomy":"post_tag","embeddable":true,"href":"https:\/\/www.europesays.com\/fr\/wp-json\/wp\/v2\/tags?post=481487"}],"curies":[{"name":"wp","href":"https:\/\/api.w.org\/{rel}","templated":true}]}}