{"id":481492,"date":"2025-10-22T07:59:11","date_gmt":"2025-10-22T07:59:11","guid":{"rendered":"https:\/\/www.europesays.com\/fr\/481492\/"},"modified":"2025-10-22T07:59:11","modified_gmt":"2025-10-22T07:59:11","slug":"dates-et-conseils-de-sante","status":"publish","type":"post","link":"https:\/\/www.europesays.com\/fr\/481492\/","title":{"rendered":"dates et conseils de sant\u00e9"},"content":{"rendered":"<p>La campagne de vaccination contre la grippe saisonni\u00e8re a d\u00e9but\u00e9 le 14 octobre dernier en m\u00e9tropole, aux Antilles et en Guyane. Elle se poursuivra jusqu&rsquo;au 31 janvier 2026. Chaque ann\u00e9e, les personnes les plus vuln\u00e9rables sont invit\u00e9es \u00e0 se faire injecter gratuitement un vaccin mis \u00e0 jour selon les souches virales ayant circul\u00e9 le plus activement dans l&rsquo;h\u00e9misph\u00e8re Sud.<\/p>\n<p>Cinq vaccins trivalents sont disponibles pour les quelque 19 millions de Fran\u00e7ais consid\u00e9r\u00e9s \u00e0 risque face \u00e0 ces virus. Ils sont fournis gratuitement sur pr\u00e9sentation d&rsquo;un bon re\u00e7u ces derni\u00e8res semaines par courrier, mais qui peuvent aussi \u00eatre g\u00e9n\u00e9r\u00e9s par les professionnels de sant\u00e9 autoris\u00e9s \u00e0 vacciner.<\/p>\n<p>En Corse, les autorit\u00e9s de sant\u00e9 appellent \u00e0 la vigilance : les chiffres de la derni\u00e8re saison montrent une \u00e9pid\u00e9mie particuli\u00e8rement intense et une couverture vaccinale toujours insuffisante.<\/p>\n<p>Une couverture vaccinale en dessous de la moyenne nationale<\/p>\n<p>Selon Sant\u00e9 publique France, seuls 46 % des plus de 65 ans ont \u00e9t\u00e9 vaccin\u00e9s contre la grippe en Corse durant la saison 2024-2025. Ce taux reste inf\u00e9rieur \u00e0 la moyenne nationale (54 %) et loin de l&rsquo;objectif de 75 % fix\u00e9 pour les personnes \u00e0 risque.<\/p>\n<p>Comme ailleurs en France, la grippe a fortement circul\u00e9 dans l&rsquo;\u00eele l&rsquo;hiver dernier, touchant toutes les tranches d&rsquo;\u00e2ge, avec une incidence marqu\u00e9e chez les enfants de moins de 5 ans et les personnes \u00e2g\u00e9es de plus de 65 ans.<\/p>\n<p>Les donn\u00e9es de Sant\u00e9 publique France indiquent que :<\/p>\n<p>&#8211; Le pic de visites SOS M\u00e9decins pour syndrome grippal a \u00e9t\u00e9 d&rsquo;une ampleur similaire \u00e0 celui des saisons 2023-2024 et 2021-2022.<\/p>\n<p>&#8211; Le pic de passages aux urgences (SAU) a \u00e9t\u00e9 particuli\u00e8rement \u00e9lev\u00e9, sup\u00e9rieur \u00e0 celui observ\u00e9 les trois ann\u00e9es pr\u00e9c\u00e9dentes.<\/p>\n<p>&#8211; La proportion d&rsquo;hospitalisations apr\u00e8s passage aux urgences pour syndrome grippal a \u00e9galement montr\u00e9 un impact important chez les moins de 5 ans, par rapport aux trois saisons pr\u00e9c\u00e9dentes.<\/p>\n<p>Pourquoi se faire vacciner chaque ann\u00e9e ?<\/p>\n<p>Le virus de la grippe \u00e9volue chaque ann\u00e9e, rendant n\u00e9cessaire une vaccination annuelle. La grippe reste une maladie contagieuse pouvant entra\u00eener des complications graves : infections pulmonaires, complications cardiaques ou aggravation de maladies chroniques.<\/p>\n<p>Le bilan de l&rsquo;an pass\u00e9 fait \u00e9tat de 17 600 d\u00e9c\u00e8s, contre 10 000 habituellement, 30 000 hospitalisations apr\u00e8s passage aux urgences et pr\u00e8s de 3 millions de consultations m\u00e9dicales pour syndrome grippal, selon le bulletin national de Sant\u00e9 publique France.<\/p>\n<p>Les publics concern\u00e9s par la vaccination<\/p>\n<p>La vaccination contre la grippe est recommand\u00e9e pour :<\/p>\n<p>&#8211; Les personnes \u00e2g\u00e9es de 65 ans et plus.<\/p>\n<p>&#8211; Les personnes de moins de 65 ans, y compris les enfants d\u00e8s 6 mois, atteintes de maladies chroniques.<\/p>\n<p>&#8211; Les femmes enceintes.<\/p>\n<p>&#8211; Les personnes souffrant d&rsquo;ob\u00e9sit\u00e9 s\u00e9v\u00e8re (IMC \u2265 40).<\/p>\n<p>&#8211; Les r\u00e9sidents d&rsquo;\u00e9tablissements m\u00e9dico-sociaux.<\/p>\n<p>Elle est aussi recommand\u00e9e \u00e0 titre pr\u00e9ventif pour :<\/p>\n<p>&#8211; Les professionnels de sant\u00e9 et ceux en contact r\u00e9gulier avec des personnes \u00e0 risque.<\/p>\n<p>&#8211; L&rsquo;entourage des nourrissons de moins de 6 mois \u00e0 risque ou des personnes immunod\u00e9prim\u00e9es.<\/p>\n<p>&#8211; Les aides \u00e0 domicile de particuliers vuln\u00e9rables.<\/p>\n<p>&#8211; Le personnel navigant et les professionnels expos\u00e9s aux virus influenza porcins et aviaires.<\/p>\n<p>Pour toutes ces personnes, le vaccin est pris en charge \u00e0 100 % par l&rsquo;Assurance maladie. Depuis 2024, le vaccin est \u00e9galement propos\u00e9 aux enfants de 2 \u00e0 17 ans sans comorbidit\u00e9, avec une prise en charge \u00e0 65 %.<\/p>\n<p>En pratique <br \/>Campagne ouverte jusqu&rsquo;au 31 janvier 2026 <br \/>Vaccination gratuite pour les personnes \u00e0 risque <br \/>Disponible en pharmacie, chez le m\u00e9decin, l&rsquo;infirmier ou la sage-femme<\/p>\n","protected":false},"excerpt":{"rendered":"La campagne de vaccination contre la grippe saisonni\u00e8re a d\u00e9but\u00e9 le 14 octobre dernier en m\u00e9tropole, aux Antilles&hellip;\n","protected":false},"author":2,"featured_media":481493,"comment_status":"","ping_status":"","sticky":false,"template":"","format":"standard","meta":{"footnotes":""},"categories":[10],"tags":[17,3226,8033,2517,1446,7678,1011,27,29786,72,71,148],"class_list":{"0":"post-481492","1":"post","2":"type-post","3":"status-publish","4":"format-standard","5":"has-post-thumbnail","7":"category-sante","8":"tag-17","9":"tag-campagne","10":"tag-contexte","11":"tag-corse","12":"tag-dans","13":"tag-debute","14":"tag-fr","15":"tag-france","16":"tag-grippe","17":"tag-health","18":"tag-sante","19":"tag-vaccination"},"share_on_mastodon":{"url":"https:\/\/pubeurope.com\/@fr\/115416764649620351","error":""},"_links":{"self":[{"href":"https:\/\/www.europesays.com\/fr\/wp-json\/wp\/v2\/posts\/481492","targetHints":{"allow":["GET"]}}],"collection":[{"href":"https:\/\/www.europesays.com\/fr\/wp-json\/wp\/v2\/posts"}],"about":[{"href":"https:\/\/www.europesays.com\/fr\/wp-json\/wp\/v2\/types\/post"}],"author":[{"embeddable":true,"href":"https:\/\/www.europesays.com\/fr\/wp-json\/wp\/v2\/users\/2"}],"replies":[{"embeddable":true,"href":"https:\/\/www.europesays.com\/fr\/wp-json\/wp\/v2\/comments?post=481492"}],"version-history":[{"count":0,"href":"https:\/\/www.europesays.com\/fr\/wp-json\/wp\/v2\/posts\/481492\/revisions"}],"wp:featuredmedia":[{"embeddable":true,"href":"https:\/\/www.europesays.com\/fr\/wp-json\/wp\/v2\/media\/481493"}],"wp:attachment":[{"href":"https:\/\/www.europesays.com\/fr\/wp-json\/wp\/v2\/media?parent=481492"}],"wp:term":[{"taxonomy":"category","embeddable":true,"href":"https:\/\/www.europesays.com\/fr\/wp-json\/wp\/v2\/categories?post=481492"},{"taxonomy":"post_tag","embeddable":true,"href":"https:\/\/www.europesays.com\/fr\/wp-json\/wp\/v2\/tags?post=481492"}],"curies":[{"name":"wp","href":"https:\/\/api.w.org\/{rel}","templated":true}]}}