{"id":481508,"date":"2025-10-22T08:07:17","date_gmt":"2025-10-22T08:07:17","guid":{"rendered":"https:\/\/www.europesays.com\/fr\/481508\/"},"modified":"2025-10-22T08:07:17","modified_gmt":"2025-10-22T08:07:17","slug":"trafic-perturbe-mercredi-matin-autour-de-saint-etienne","status":"publish","type":"post","link":"https:\/\/www.europesays.com\/fr\/481508\/","title":{"rendered":"trafic perturb\u00e9, mercredi matin, autour de Saint-Etienne"},"content":{"rendered":"<p>Un accident de la circulation s&rsquo;est produit, ce mercredi 22 octobre vers 8h30, sur l&rsquo;autoroute A72 au niveau de la barri\u00e8re de p\u00e9age de Veauchette, au nord de Saint-Etienne.<\/p>\n<p>Selon les informations communiqu\u00e9es par la pr\u00e9fecture de la Loire, l&rsquo;accident s&rsquo;est produit dans le sens Saint-Etienne\/Clermont-Ferrand et implique plusieurs v\u00e9hicules\u00a0: deux voitures et un poids-lourd.<\/p>\n<p>Aucune victime n&rsquo;est \u00e0 d\u00e9plorer mais l&rsquo;accident perturbe le trafic sur cette portion de l&rsquo;A72. La circulation a \u00e9t\u00e9 maintenue sur une seule voie jusqu&rsquo;au retrait des v\u00e9hicules accident\u00e9s, provoquant des ralentissements dans ce secteur. <\/p>\n<p>A 9h45, la circulation avait pu reprendre normalement.<\/p>\n<p>Ce contenu est bloqu\u00e9 car vous n&rsquo;avez pas accept\u00e9 les cookies et autres traceurs.<\/p>\n<p>En cliquant sur \u00ab J\u2019accepte \u00bb, les cookies et autres traceurs seront d\u00e9pos\u00e9s et vous pourrez visualiser les contenus  (<a href=\"\" class=\"consentModule_policy\" target=\"_blank\" title=\"Consulter la politique de protection des donn\u00e9es du fournisseur\">plus d&rsquo;informations<\/a>).<\/p>\n<p>En cliquant sur \u00ab J\u2019accepte tous les cookies \u00bb, vous autorisez des d\u00e9p\u00f4ts de cookies et autres traceurs pour le stockage de vos donn\u00e9es sur nos sites et applications \u00e0 des fins de personnalisation et de ciblage publicitaire.<\/p>\n<p class=\"consentModule_secondaryText\">Vous gardez la possibilit\u00e9 de retirer votre consentement \u00e0 tout moment en consultant notre <a href=\"https:\/\/www.leprogres.fr\/protection-des-donnees\" target=\"_blank\" title=\"Consulter notre politique de protection des donn\u00e9es\" rel=\"nofollow noopener\">politique de protection des donn\u00e9es<\/a>. <br \/>&#13;<br \/>\n            <a href=\"https:\/\/www.leprogres.fr\/faits-divers-justice\/2025\/10\/22\/javascript:Didomi.notice.show()\" class=\"consentModule_cmp\" rel=\"nofollow noopener\" target=\"_blank\">G\u00e9rer mes choix<\/a>&#13;\n        <\/p>\n<p>&#13;<br \/>\n                        J&rsquo;accepte&#13;<br \/>\n            J&rsquo;accepte tous les cookies&#13;\n        <\/p>\n<p>  Deux autres accidents sur la RN88 et l&rsquo;A47<\/p>\n<p>Dans le m\u00eame temps, deux autres accidents ont \u00e9galement perturb\u00e9la circulation dans les vall\u00e9es de l&rsquo;Ondaine et du Gier.<\/p>\n<p>Le premier s&rsquo;est produit sur la RN88 pr\u00e8s de Firminy, au bas de la descente de Saint-Ferr\u00e9ol-d&rsquo;Auroure, dans le sens Le Puy-en-Velay\/Saint-Etienne. Les sapeurs-pompiers ont \u00e9t\u00e9 engag\u00e9s d\u00e8s 8h20 sur cette intervention.<\/p>\n<p>Le deuxi\u00e8me accident a \u00e9galement mobilis\u00e9s les secours, cette fois sur l&rsquo;A47 \u00e0 hauteur de la commune de Rive-de-Gier (dans le sens Saint-Etienne\/Lyon).<\/p>\n<p>Aux alentours de 9 heures, les dispositifs de secours sur ces deux interventions avaient pu \u00eatre lev\u00e9s et le trafic a \u00e9t\u00e9 r\u00e9tabli dans des conditions normales, m\u00eame si des ralentissements tardent \u00e0 s&rsquo;\u00e9vacuer sur l&rsquo;A47.<\/p>\n","protected":false},"excerpt":{"rendered":"Un accident de la circulation s&rsquo;est produit, ce mercredi 22 octobre vers 8h30, sur l&rsquo;autoroute A72 au niveau&hellip;\n","protected":false},"author":2,"featured_media":481509,"comment_status":"","ping_status":"","sticky":false,"template":"","format":"standard","meta":{"footnotes":""},"categories":[9653],"tags":[119,1111,11,2430,3542,7359,7539,1777,674,274,107,10282,1011,27,3367,12,25,15293,4001,20998],"class_list":{"0":"post-481508","1":"post","2":"type-post","3":"status-publish","4":"format-standard","5":"has-post-thumbnail","7":"category-saint-etienne","8":"tag-accident","9":"tag-actu","10":"tag-actualites","11":"tag-auvergne-rhone-alpes","12":"tag-circulation","13":"tag-edition-loire-centre","14":"tag-edition-loire-sud","15":"tag-eu","16":"tag-europe","17":"tag-faits-divers-justice","18":"tag-fil-info","19":"tag-firminy","20":"tag-fr","21":"tag-france","22":"tag-loire","23":"tag-news","24":"tag-republique-francaise","25":"tag-rive-de-gier","26":"tag-saint-etienne","27":"tag-veauchette"},"share_on_mastodon":{"url":"https:\/\/pubeurope.com\/@fr\/115416796122078504","error":""},"_links":{"self":[{"href":"https:\/\/www.europesays.com\/fr\/wp-json\/wp\/v2\/posts\/481508","targetHints":{"allow":["GET"]}}],"collection":[{"href":"https:\/\/www.europesays.com\/fr\/wp-json\/wp\/v2\/posts"}],"about":[{"href":"https:\/\/www.europesays.com\/fr\/wp-json\/wp\/v2\/types\/post"}],"author":[{"embeddable":true,"href":"https:\/\/www.europesays.com\/fr\/wp-json\/wp\/v2\/users\/2"}],"replies":[{"embeddable":true,"href":"https:\/\/www.europesays.com\/fr\/wp-json\/wp\/v2\/comments?post=481508"}],"version-history":[{"count":0,"href":"https:\/\/www.europesays.com\/fr\/wp-json\/wp\/v2\/posts\/481508\/revisions"}],"wp:featuredmedia":[{"embeddable":true,"href":"https:\/\/www.europesays.com\/fr\/wp-json\/wp\/v2\/media\/481509"}],"wp:attachment":[{"href":"https:\/\/www.europesays.com\/fr\/wp-json\/wp\/v2\/media?parent=481508"}],"wp:term":[{"taxonomy":"category","embeddable":true,"href":"https:\/\/www.europesays.com\/fr\/wp-json\/wp\/v2\/categories?post=481508"},{"taxonomy":"post_tag","embeddable":true,"href":"https:\/\/www.europesays.com\/fr\/wp-json\/wp\/v2\/tags?post=481508"}],"curies":[{"name":"wp","href":"https:\/\/api.w.org\/{rel}","templated":true}]}}