{"id":481510,"date":"2025-10-22T08:08:15","date_gmt":"2025-10-22T08:08:15","guid":{"rendered":"https:\/\/www.europesays.com\/fr\/481510\/"},"modified":"2025-10-22T08:08:15","modified_gmt":"2025-10-22T08:08:15","slug":"loire-ou-feter-halloween-2025","status":"publish","type":"post","link":"https:\/\/www.europesays.com\/fr\/481510\/","title":{"rendered":"Loire\u00a0: o\u00f9 f\u00eater Halloween 2025\u00a0?"},"content":{"rendered":"<p class=\"is-style-chapo\">Vous cherchez une id\u00e9e originale cette ann\u00e9e pour f\u00eater Halloween\u00a0cette ann\u00e9e ? A l\u2019approche de cette f\u00eate automnale, la r\u00e9daction de\u00a0If Saint-Etienne\u00a0a dress\u00e9 une liste, non-exhaustive bien s\u00fbr, d\u2019activit\u00e9s \u00e0 faire dans la Loire.<\/p>\n<p><img loading=\"lazy\" decoding=\"async\" width=\"1024\" height=\"576\" src=\"https:\/\/www.europesays.com\/fr\/wp-content\/uploads\/2025\/10\/jack-o-lanterns-3735386_1280-1-1024x576.jpg\" alt=\"Halloween\" class=\"wp-image-80802\"  \/><\/p>\n<p>1 \u2013 En courant<\/p>\n<p>Pour la premi\u00e8re fois, le <a href=\"https:\/\/www.if-saint-etienne.fr\/sports\/le-sainte-trail-urbain-veut-donner-le-frisson-sur-deux-jours\" target=\"_blank\" rel=\"noreferrer noopener\">Saint\u00e9 Trail Urbain<\/a> propose un parcours sur le th\u00e8me d\u2019Halloween. Rendez-vous au Z\u00e9nith le 1er novembre \u00e0 partir de 18h, pour la \u00ab\u00a0<a href=\"https:\/\/www.saintetrailurbain.fr\/halloween-run\" target=\"_blank\" rel=\"noreferrer noopener\">Halloween Run<\/a>\u00a0\u00bb. Un parcours de 5 km cr\u00e9pusculaire grand public et non chronom\u00e9tr\u00e9. L\u2019itin\u00e9raire promet de plonger dans une ambiance de circonstances, concoct\u00e9e par les pros de 1909 Escape Game avec moult \u00ab zones de terreur \u00bb et leurs b\u00e9n\u00e9voles d\u00e9guis\u00e9s dont les d\u00e9tails sont tenus secrets\u2026 Inscriptions obligatoires.<\/p>\n<p>2 \u2013 Sur l\u2019eau<\/p>\n<p>Pour Halloween, le Ch\u00e2teau de la Roche, \u00e0 Saint-Priest-la-Roche, organise \u00ab\u00a0L\u2019effroyable l\u00e9gende du Ch\u00e2t\u2019eau\u00a0\u00bb. Un conte musical et dans\u00e9 pour le jeune public d\u00e8s 6 ans, du 28 octobre au 1er novembre. Durant 45 minutes, les enfants d\u00e9couvriront l\u2019histoire des s\u0153urs Roustan et d\u2019un monde englouti. <a href=\"https:\/\/www.lechateaudelaroche.fr\/halloween-murder-party-theatralisee\/\" target=\"_blank\" rel=\"noreferrer noopener\">R\u00e9servations via ce lien<\/a>.<\/p>\n<p>3 \u2013 Sur la glace<\/p>\n<p>Comme chaque ann\u00e9e, <a href=\"https:\/\/www.aggloroanne.fr\/ma-collectivite\/sport\/patinoire-de-roanne\/animations-a-la-patinoire-1254.html\" target=\"_blank\" rel=\"noreferrer noopener\">Tout Roanne Glisse<\/a> est de retour \u00e0 la patinoire roannaise, jeudi 30 octobre. Au programme, un DJ l\u2019apr\u00e8s-midi et le soir, un maquillage sp\u00e9cial Halloween, des d\u00e9monstrations sur glace, et une soir\u00e9e d\u00e9di\u00e9e de 20h30 \u00e0 23h.<\/p>\n<p>4 \u2013 Dans l\u2019eau<\/p>\n<p>A Montbrison, <a href=\"https:\/\/www.if-saint-etienne.fr\/culture-loisirs\/ou-feter-halloween-2024-dans-la-loire\" target=\"_blank\" rel=\"noreferrer noopener\">Halloween<\/a> s\u2019invite \u00e0 la piscine <a href=\"https:\/\/www.loireforez.fr\/actualite\/%F0%9F%8E%83-halloween-sinvite-a-la-piscine-le-31-octobre-une-journee-pleine-de-frissons-et-declaboussures\/\" target=\"_blank\" rel=\"noreferrer noopener\">Aqualude<\/a> le 31 octobre \u00e0 partir de 14 heures. Au programme, un cours d\u2019aquagym g\u00e9ant, un atelier maquillage et m\u00eame des scooters sous-marins. Une exp\u00e9rience in\u00e9dite pour plonger petits et grands dans un univers festif et effrayant. Le scooter sous-marin sera accessible \u00e0 partir de huit ans, sur r\u00e9servation \u00e0 l\u2019accueil ou par t\u00e9l\u00e9phone. \u00a0<\/p>\n<p>5 \u2013 Au cin\u00e9ma<\/p>\n<p>A Saint-Chamond, le cin\u00e9ma <a href=\"https:\/\/saint-chamond.veocinemas.fr\/evenements\/52985-zombillenium-cine-boom-dhalloween-en-chaussettes\/\" target=\"_blank\" rel=\"noreferrer noopener\">V\u00e9o Grand Lumi\u00e8re<\/a> organise un \u00ab\u00a0cin\u00e9-boom\u00a0\u00bb d\u2019Halloween en chaussettes, vendredi 31 octobre \u00e0 partir de 17h45. Apr\u00e8s la s\u00e9ance, une grande boom en chaussettes est organis\u00e9e, d\u00e9guis\u00e9s dans la salle, et le go\u00fbter est offert. Avant, c\u2019est le film Zombill\u00e9nium qui sera diffus\u00e9. Il raconte l\u2019histoire de monstres fatigu\u00e9s de travailler dans un parc d\u2019attraction d\u2019\u00e9pouvante\u2026 jusqu\u2019\u00e0 ce qu\u2019un \u00e9v\u00e9nement vienne bouleverser la vie du parc.<\/p>\n","protected":false},"excerpt":{"rendered":"Vous cherchez une id\u00e9e originale cette ann\u00e9e pour f\u00eater Halloween\u00a0cette ann\u00e9e ? A l\u2019approche de cette f\u00eate automnale,&hellip;\n","protected":false},"author":2,"featured_media":481511,"comment_status":"","ping_status":"","sticky":false,"template":"","format":"standard","meta":{"footnotes":""},"categories":[9653],"tags":[1111,11,2430,1777,674,14012,1011,27,60499,60500,60501,12,25,4001],"class_list":{"0":"post-481510","1":"post","2":"type-post","3":"status-publish","4":"format-standard","5":"has-post-thumbnail","7":"category-saint-etienne","8":"tag-actu","9":"tag-actualites","10":"tag-auvergne-rhone-alpes","11":"tag-eu","12":"tag-europe","13":"tag-festif","14":"tag-fr","15":"tag-france","16":"tag-halloween-2025","17":"tag-halloween-dans-la-loire","18":"tag-halloween-saint-etienne","19":"tag-news","20":"tag-republique-francaise","21":"tag-saint-etienne"},"share_on_mastodon":{"url":"https:\/\/pubeurope.com\/@fr\/115416800728456009","error":""},"_links":{"self":[{"href":"https:\/\/www.europesays.com\/fr\/wp-json\/wp\/v2\/posts\/481510","targetHints":{"allow":["GET"]}}],"collection":[{"href":"https:\/\/www.europesays.com\/fr\/wp-json\/wp\/v2\/posts"}],"about":[{"href":"https:\/\/www.europesays.com\/fr\/wp-json\/wp\/v2\/types\/post"}],"author":[{"embeddable":true,"href":"https:\/\/www.europesays.com\/fr\/wp-json\/wp\/v2\/users\/2"}],"replies":[{"embeddable":true,"href":"https:\/\/www.europesays.com\/fr\/wp-json\/wp\/v2\/comments?post=481510"}],"version-history":[{"count":0,"href":"https:\/\/www.europesays.com\/fr\/wp-json\/wp\/v2\/posts\/481510\/revisions"}],"wp:featuredmedia":[{"embeddable":true,"href":"https:\/\/www.europesays.com\/fr\/wp-json\/wp\/v2\/media\/481511"}],"wp:attachment":[{"href":"https:\/\/www.europesays.com\/fr\/wp-json\/wp\/v2\/media?parent=481510"}],"wp:term":[{"taxonomy":"category","embeddable":true,"href":"https:\/\/www.europesays.com\/fr\/wp-json\/wp\/v2\/categories?post=481510"},{"taxonomy":"post_tag","embeddable":true,"href":"https:\/\/www.europesays.com\/fr\/wp-json\/wp\/v2\/tags?post=481510"}],"curies":[{"name":"wp","href":"https:\/\/api.w.org\/{rel}","templated":true}]}}