{"id":481514,"date":"2025-10-22T08:10:35","date_gmt":"2025-10-22T08:10:35","guid":{"rendered":"https:\/\/www.europesays.com\/fr\/481514\/"},"modified":"2025-10-22T08:10:35","modified_gmt":"2025-10-22T08:10:35","slug":"meurthe-et-moselle-parenthese-le-nouveau-spectacle-poetique-et-spectaculaire-du-cirque-arlette-gruss-a-decouvrir-a-nancy","status":"publish","type":"post","link":"https:\/\/www.europesays.com\/fr\/481514\/","title":{"rendered":"Meurthe-et-Moselle. Parenth\u00e8se, le nouveau spectacle po\u00e9tique et spectaculaire du cirque Arlette-Gruss \u00e0 d\u00e9couvrir \u00e0 Nancy"},"content":{"rendered":"<p>L\u2019automne \u00e0 Nancy a ses rendez-vous. Les feuilles mortes se ramassent \u00e0 la pelle lorsque la <a href=\"https:\/\/www.estrepublicain.fr\/p\/place-stanislas\" target=\"_blank\" rel=\"noopener\">place Stanislas<\/a> se transforme en jardin \u00e9ph\u00e9m\u00e8re, qu\u2019un chapiteau se monte \u00e0 la P\u00e9pini\u00e8re pour le Nancy Jazz Pulsation, avant que le cirque Arlette Gruss ne plante le sien place Carnot.<\/p>\n<p>Majestueux \u00e9crin rouge et blanc, plant\u00e9 et ouvert depuis le vendredi 17\u00a0octobre jusqu\u2019au 2\u00a0novembre 2025, il est une invitation \u00e0 un instant suspendu, intitul\u00e9 Parenth\u00e8se.<\/p>\n<p>Entre clownerie, voltige et spectacle \u00e9questre, qu\u2019est-ce qui fait l\u2019identit\u00e9 du cirque Arlette-Gruss\u00a0?<\/p>\n<p>Gruss, une histoire de famille commenc\u00e9e au XIXe\u00a0 si\u00e8cle<\/p>\n<p>On peut l\u00e9gitimement parler de fiert\u00e9 r\u00e9gionale, n\u00e9e il y a 160 ans. <a href=\"https:\/\/www.estrepublicain.fr\/societe\/2025\/07\/24\/sur-la-piste-(aux-etoiles)-des-gruss-en-grand-est-et-franche-comte\" target=\"_blank\" rel=\"noopener\">La dynastie circassienne Gruss<\/a> a d\u00e9marr\u00e9 en effet dans le Grand Est, \u00e0 Sainte-Marie-aux-Mines (68) exactement, lorsqu\u2019un jeune tailleur de pierre tombe amoureux de la fille de l\u2019\u00e9cuyer du cirque Marinetti, alors de passage.<\/p>\n<p>Charles Gruss&#8230;<\/p>\n","protected":false},"excerpt":{"rendered":"L\u2019automne \u00e0 Nancy a ses rendez-vous. Les feuilles mortes se ramassent \u00e0 la pelle lorsque la place Stanislas&hellip;\n","protected":false},"author":2,"featured_media":481515,"comment_status":"","ping_status":"","sticky":false,"template":"","format":"standard","meta":{"footnotes":""},"categories":[9635],"tags":[1111,11,1687,1707,1704,1706,1705,1777,674,1011,27,775,1702,1703,12,25,3140],"class_list":{"0":"post-481514","1":"post","2":"type-post","3":"status-publish","4":"format-standard","5":"has-post-thumbnail","7":"category-nancy","8":"tag-actu","9":"tag-actualites","10":"tag-culture-loisirs","11":"tag-edition-luneville","12":"tag-edition-nancy-et-agglomeration","13":"tag-edition-pont-a-mousson","14":"tag-edition-toul","15":"tag-eu","16":"tag-europe","17":"tag-fr","18":"tag-france","19":"tag-grand-est","20":"tag-nancy","21":"tag-nancy-ville-54b","22":"tag-news","23":"tag-republique-francaise","24":"tag-spectacle"},"share_on_mastodon":{"url":"https:\/\/pubeurope.com\/@fr\/115416807854980394","error":""},"_links":{"self":[{"href":"https:\/\/www.europesays.com\/fr\/wp-json\/wp\/v2\/posts\/481514","targetHints":{"allow":["GET"]}}],"collection":[{"href":"https:\/\/www.europesays.com\/fr\/wp-json\/wp\/v2\/posts"}],"about":[{"href":"https:\/\/www.europesays.com\/fr\/wp-json\/wp\/v2\/types\/post"}],"author":[{"embeddable":true,"href":"https:\/\/www.europesays.com\/fr\/wp-json\/wp\/v2\/users\/2"}],"replies":[{"embeddable":true,"href":"https:\/\/www.europesays.com\/fr\/wp-json\/wp\/v2\/comments?post=481514"}],"version-history":[{"count":0,"href":"https:\/\/www.europesays.com\/fr\/wp-json\/wp\/v2\/posts\/481514\/revisions"}],"wp:featuredmedia":[{"embeddable":true,"href":"https:\/\/www.europesays.com\/fr\/wp-json\/wp\/v2\/media\/481515"}],"wp:attachment":[{"href":"https:\/\/www.europesays.com\/fr\/wp-json\/wp\/v2\/media?parent=481514"}],"wp:term":[{"taxonomy":"category","embeddable":true,"href":"https:\/\/www.europesays.com\/fr\/wp-json\/wp\/v2\/categories?post=481514"},{"taxonomy":"post_tag","embeddable":true,"href":"https:\/\/www.europesays.com\/fr\/wp-json\/wp\/v2\/tags?post=481514"}],"curies":[{"name":"wp","href":"https:\/\/api.w.org\/{rel}","templated":true}]}}