{"id":481518,"date":"2025-10-22T08:13:15","date_gmt":"2025-10-22T08:13:15","guid":{"rendered":"https:\/\/www.europesays.com\/fr\/481518\/"},"modified":"2025-10-22T08:13:15","modified_gmt":"2025-10-22T08:13:15","slug":"pourquoi-vos-trajets-risquent-detre-differents-pendant-les-vacances-de-la-toussaint","status":"publish","type":"post","link":"https:\/\/www.europesays.com\/fr\/481518\/","title":{"rendered":"pourquoi vos trajets risquent d\u2019\u00eatre diff\u00e9rents pendant les vacances de la Toussaint"},"content":{"rendered":"<p>            Par<br \/>\n        <strong><br \/>\n            <a href=\"https:\/\/actu.fr\/auteur\/metropoop\" title=\"Consulter tous les articles de R\u00e9daction M\u00e9tropolitain\" rel=\"nofollow noopener\" target=\"_blank\">R\u00e9daction M\u00e9tropolitain<\/a><br \/>\n        <\/strong><\/p>\n<p>        Publi\u00e9 le<\/p>\n<p>            22 oct. 2025 \u00e0 10h05        <\/p>\n<p>\u00c0 deux mois de l\u2019ouverture de la ligne 5 du tramway, un changement s\u2019op\u00e8re discr\u00e8tement dans l\u2019ouest de Montpellier. <strong>D\u00e8s ce mercredi 22 octobre 2025<\/strong>, la TaM met en service de nouveaux feux tricolores. Une op\u00e9ration progressive, pens\u00e9e pour pr\u00e9parer le terrain avant l\u2019arriv\u00e9e du tram et fluidifier la circulation. La mise en route s\u2019effectue pendant les vacances scolaires de la Toussaint. Ce choix vise \u00e0 r\u00e9duire les perturbations pour les automobilistes et les habitants.\u00a0<\/p>\n<p class=\" wall-content\">\n<p>Une circulation mieux r\u00e9gul\u00e9e et un espace public repens\u00e9<\/p>\n<p class=\" wall-content\">La ligne 5, <a href=\"https:\/\/actu.fr\/occitanie\/montpellier_34172\/montpellier-lancement-de-la-ligne-5-le-compte-a-rebours-est-lance_63152064.html\" rel=\"nofollow noopener\" target=\"_blank\">dont la mise en service est pr\u00e9vue le 20 d\u00e9cembre<\/a>, ne se limite pas \u00e0 un ajout de rails et de rames. Elle s\u2019accompagne d\u2019un r\u00e9am\u00e9nagement global de la voirie. Objectif : r\u00e9\u00e9quilibrer l\u2019usage de la rue entre pi\u00e9tons, cyclistes, transports en commun et automobilistes. \u00ab\u00a0La programmation des feux a \u00e9t\u00e9 pens\u00e9e pour respecter chaque mode de d\u00e9placement. Reli\u00e9s au poste central de la Ville de Montpellier, ces \u00e9quipements pourront \u00eatre ajust\u00e9s en temps r\u00e9el selon les \u00e9volutions du trafic\u00a0\u00bb, assure la TaM sur X.<\/p>\n<p><strong>&gt;<\/strong> Pour plus d\u2019infos sur la ligne 5 du tramway : <a href=\"https:\/\/tram5-montpellier3m.fr\/actualite\/\" rel=\"nofollow noopener\" target=\"_blank\">https:\/\/tram5-montpellier3m.fr\/actualite\/<\/a><\/p>\n<p class=\" wall-content\">Personnalisez votre actualit\u00e9 en ajoutant vos villes et m\u00e9dias en favori avec <a href=\"https:\/\/moncompte.actu.fr\" title=\"D\u00e9couvez Mon Actu\" rel=\"nofollow noopener\" data-trk=\"{&quot;cta&quot;:{&quot;action&quot;:&quot;https:\\\/\\\/moncompte.actu.fr&quot;,&quot;category&quot;:&quot;mon compte&quot;,&quot;from&quot;:&quot;article footer&quot;,&quot;name&quot;:&quot;Mon actu&quot;,&quot;type&quot;:&quot;cta&quot;}}\" target=\"_blank\">Mon Actu<\/a>.<\/p>\n","protected":false},"excerpt":{"rendered":"Par R\u00e9daction M\u00e9tropolitain Publi\u00e9 le 22 oct. 2025 \u00e0 10h05 \u00c0 deux mois de l\u2019ouverture de la ligne&hellip;\n","protected":false},"author":2,"featured_media":481519,"comment_status":"","ping_status":"","sticky":false,"template":"","format":"standard","meta":{"footnotes":""},"categories":[9599],"tags":[1111,11,3542,1777,674,1011,27,2208,12,2680,25,104,2803,2086],"class_list":{"0":"post-481518","1":"post","2":"type-post","3":"status-publish","4":"format-standard","5":"has-post-thumbnail","7":"category-montpellier","8":"tag-actu","9":"tag-actualites","10":"tag-circulation","11":"tag-eu","12":"tag-europe","13":"tag-fr","14":"tag-france","15":"tag-montpellier","16":"tag-news","17":"tag-occitanie","18":"tag-republique-francaise","19":"tag-societe","20":"tag-transport","21":"tag-travaux"},"share_on_mastodon":{"url":"https:\/\/pubeurope.com\/@fr\/115416820079685296","error":""},"_links":{"self":[{"href":"https:\/\/www.europesays.com\/fr\/wp-json\/wp\/v2\/posts\/481518","targetHints":{"allow":["GET"]}}],"collection":[{"href":"https:\/\/www.europesays.com\/fr\/wp-json\/wp\/v2\/posts"}],"about":[{"href":"https:\/\/www.europesays.com\/fr\/wp-json\/wp\/v2\/types\/post"}],"author":[{"embeddable":true,"href":"https:\/\/www.europesays.com\/fr\/wp-json\/wp\/v2\/users\/2"}],"replies":[{"embeddable":true,"href":"https:\/\/www.europesays.com\/fr\/wp-json\/wp\/v2\/comments?post=481518"}],"version-history":[{"count":0,"href":"https:\/\/www.europesays.com\/fr\/wp-json\/wp\/v2\/posts\/481518\/revisions"}],"wp:featuredmedia":[{"embeddable":true,"href":"https:\/\/www.europesays.com\/fr\/wp-json\/wp\/v2\/media\/481519"}],"wp:attachment":[{"href":"https:\/\/www.europesays.com\/fr\/wp-json\/wp\/v2\/media?parent=481518"}],"wp:term":[{"taxonomy":"category","embeddable":true,"href":"https:\/\/www.europesays.com\/fr\/wp-json\/wp\/v2\/categories?post=481518"},{"taxonomy":"post_tag","embeddable":true,"href":"https:\/\/www.europesays.com\/fr\/wp-json\/wp\/v2\/tags?post=481518"}],"curies":[{"name":"wp","href":"https:\/\/api.w.org\/{rel}","templated":true}]}}