{"id":481527,"date":"2025-10-22T08:20:08","date_gmt":"2025-10-22T08:20:08","guid":{"rendered":"https:\/\/www.europesays.com\/fr\/481527\/"},"modified":"2025-10-22T08:20:08","modified_gmt":"2025-10-22T08:20:08","slug":"cesson-sevigne-grace-au-vestiaire-solidaire-elle-voguera-a-venise","status":"publish","type":"post","link":"https:\/\/www.europesays.com\/fr\/481527\/","title":{"rendered":"Cesson-S\u00e9vign\u00e9. Gr\u00e2ce au Vestiaire solidaire, elle voguera \u00e0 Venise"},"content":{"rendered":"<p>Marie-Christine Mazet-Legoupil est b\u00e9n\u00e9vole au Vestiaire solidaire depuis une dizaine d\u2019ann\u00e9es.\u00a0Il y a environ deux ans, touch\u00e9e par un cancer, je revenais au Vestiaire o\u00f9 j\u2019aimais me changer les id\u00e9es, t\u00e9moigne-t-elle.L\u2019\u00e9quipe m\u2019a toujours accueillie et soutenue.\u00a0Encore aujourd\u2019hui avec la remise d\u2019un ch\u00e8que de 400\u00a0\u20ac qui va nous permettre de participer \u00e0 la prochaine \u00e9dition de la Vogalonga, le 26\u00a0mai, \u00e0 Venise.\u00a0<\/p>\n<p>La Vogalonga est un rassemblement de bateaux qui se d\u00e9roule tous les ans au mois de mai. Cette manifestation rassemble des \u00e9quipages de toute l\u2019Europe. Pour sa 49e \u00e9dition en mai, elle a compt\u00e9 8\u00a0000\u00a0participants \u00e0 bord de 2\u00a0100\u00a0embarcations.<\/p>\n<p>Marie-Christine Mazet-Legoupil s\u2019y rendra avec l\u2019\u00e9quipage des Roz Eskell qui s\u2019entra\u00eene toutes les semaines sur leur Dragon Boat rose, bas\u00e9 \u00e0 la plaine de Baud.<\/p>\n<p><strong>Contact\u00a0:<\/strong> mail, associationcapouest@gmail.com<\/p>\n<p>\u00a0<\/p>\n","protected":false},"excerpt":{"rendered":"Marie-Christine Mazet-Legoupil est b\u00e9n\u00e9vole au Vestiaire solidaire depuis une dizaine d\u2019ann\u00e9es.\u00a0Il y a environ deux ans, touch\u00e9e par&hellip;\n","protected":false},"author":2,"featured_media":481528,"comment_status":"","ping_status":"","sticky":false,"template":"","format":"standard","meta":{"footnotes":""},"categories":[2821],"tags":[1111,11,829,4099,1777,674,1011,27,4567,12,584,25,12280,16787,46335,60502],"class_list":{"0":"post-481527","1":"post","2":"type-post","3":"status-publish","4":"format-standard","5":"has-post-thumbnail","7":"category-rennes","8":"tag-actu","9":"tag-actualites","10":"tag-bretagne","11":"tag-cesson-sevigne","12":"tag-eu","13":"tag-europe","14":"tag-fr","15":"tag-france","16":"tag-grace","17":"tag-news","18":"tag-rennes","19":"tag-republique-francaise","20":"tag-solidaire","21":"tag-venise","22":"tag-vestiaire","23":"tag-voguera"},"share_on_mastodon":{"url":"https:\/\/pubeurope.com\/@fr\/115416847182388421","error":""},"_links":{"self":[{"href":"https:\/\/www.europesays.com\/fr\/wp-json\/wp\/v2\/posts\/481527","targetHints":{"allow":["GET"]}}],"collection":[{"href":"https:\/\/www.europesays.com\/fr\/wp-json\/wp\/v2\/posts"}],"about":[{"href":"https:\/\/www.europesays.com\/fr\/wp-json\/wp\/v2\/types\/post"}],"author":[{"embeddable":true,"href":"https:\/\/www.europesays.com\/fr\/wp-json\/wp\/v2\/users\/2"}],"replies":[{"embeddable":true,"href":"https:\/\/www.europesays.com\/fr\/wp-json\/wp\/v2\/comments?post=481527"}],"version-history":[{"count":0,"href":"https:\/\/www.europesays.com\/fr\/wp-json\/wp\/v2\/posts\/481527\/revisions"}],"wp:featuredmedia":[{"embeddable":true,"href":"https:\/\/www.europesays.com\/fr\/wp-json\/wp\/v2\/media\/481528"}],"wp:attachment":[{"href":"https:\/\/www.europesays.com\/fr\/wp-json\/wp\/v2\/media?parent=481527"}],"wp:term":[{"taxonomy":"category","embeddable":true,"href":"https:\/\/www.europesays.com\/fr\/wp-json\/wp\/v2\/categories?post=481527"},{"taxonomy":"post_tag","embeddable":true,"href":"https:\/\/www.europesays.com\/fr\/wp-json\/wp\/v2\/tags?post=481527"}],"curies":[{"name":"wp","href":"https:\/\/api.w.org\/{rel}","templated":true}]}}