{"id":481535,"date":"2025-10-22T08:24:23","date_gmt":"2025-10-22T08:24:23","guid":{"rendered":"https:\/\/www.europesays.com\/fr\/481535\/"},"modified":"2025-10-22T08:24:23","modified_gmt":"2025-10-22T08:24:23","slug":"les-parents-deposent-une-nouvelle-plainte-apres-le-classement-sans-suite-de-laffaire","status":"publish","type":"post","link":"https:\/\/www.europesays.com\/fr\/481535\/","title":{"rendered":"les parents d\u00e9posent une nouvelle plainte apr\u00e8s le classement sans suite de l\u2019affaire"},"content":{"rendered":"<p class=\"fs-5 \">L\u2019affaire a suscit\u00e9 un vif \u00e9moi \u00e0 Saint-Laurent-du-Var et au-del\u00e0. Le 1er octobre,<strong> deux familles<\/strong> d\u2019\u00e9l\u00e8ves de l\u2019<strong>\u00e9cole maternelle Pasteur,<\/strong> situ\u00e9e au sein du groupe scolaire de la gare, d\u00e9posaient <strong>plainte contre un enseignant<\/strong> pour <strong>soup\u00e7ons de viols<\/strong> sur leur enfant respectif, <strong>tous deux \u00e2g\u00e9s de 4\u00a0ans.<\/strong><\/p>\n<p class=\"fs-5 \"><a href=\"https:\/\/www.nicematin.com\/faits-divers\/je-ne-peux-pas-te-le-dire-c-est-un-secret-les-parents-d-un-des-enfants-presumes-victimes-de-viols-par-leur-enseignant-temoignent-10651945\" target=\"_blank\" rel=\"noopener\">Comme nous le r\u00e9v\u00e9lions le 10\u00a0octobre<\/a>, les deux gar\u00e7onnets \u00e9voquent notamment un <strong>\u00ab\u00a0doigt dans les fesses\u00a0\u00bb<\/strong> ou encore avoir vu le sexe de leur ma\u00eetre. Choqu\u00e9s, les parents t\u00e9moignent sous couvert d\u2019anonymat. Une <strong>enqu\u00eate pr\u00e9liminaire<\/strong> pour viol sur mineur de 15 ans par personne ayant autorit\u00e9 est alors ouverte au <strong>commissariat de Cagnes-sur-Mer<\/strong>.<\/p>\n<p>            <img src=\"https:\/\/www.europesays.com\/fr\/wp-content\/uploads\/2025\/10\/1761085999_954_c4c7b1b_upload-1-0e9ivng87kr9-maxnewsspecialtwo366026.jpg\"   loading=\"lazy\" decoding=\"async\" alt=\"Un professeur est accus\u00e9 de viols sur des enfants de l\u2019\u00e9cole maternelle Pasteur \u00e0 Saint-Laurent-du-Var.\" class=\"img-fluid position-absolute w-100 object-fit-cover rounded-2\" width=\"600\" height=\"400\"\/><\/p>\n<p class=\"fs-5 \">20\u00a0jours apr\u00e8s la premi\u00e8re plainte des familles, <a href=\"https:\/\/www.nicematin.com\/faits-divers\/soupcons-de-viols-dans-une-ecole-pres-de-nice-le-parquet-de-grasse-ordonne-le-classement-sans-suite-de-cette-affaire-10653379\" target=\"_blank\" rel=\"noopener\">le parquet de Grasse a donc annonc\u00e9 ce mardi, par voie de communiqu\u00e9, le classement sans suite de l\u2019affaire<\/a>.<\/p>\n<p>                                                                                \u00ab\u00a0Aucune souffrance post-traumatique\u00a0\u00bb<\/p>\n<p class=\"fs-5 \">Une d\u00e9cision prise apr\u00e8s<strong> une expertise et des entretiens men\u00e9s avec les parents et les enfants<\/strong>. Ainsi, les deux gar\u00e7ons ont \u00e9t\u00e9 vus par un expert asserment\u00e9 dont les conclusions sont les suivantes \u00a0: \u00ab\u00a0Il n\u2019a \u00e9t\u00e9 fait \u00e9tat d\u2019<strong>aucune souffrance post-traumatique<\/strong> tout en relevant des signes de suggestibilit\u00e9, l\u2019un des enfants revenant une nouvelle fois sur les confidences faites \u00e0 ses parents.\u00a0\u00bb<\/p>\n<p class=\"fs-5 \">Apr\u00e8s cette annonce, les parents des \u00e9l\u00e8ves n\u2019ont pas tard\u00e9 \u00e0 riposter.<\/p>\n<p class=\"fs-5 \">\u00ab\u00a0Les repr\u00e9sentants l\u00e9gaux des deux jeunes enfants de 4 ans <strong>d\u00e9posent conjointement une plainte avec constitution de partie civile pr\u00e8s le Tribunal Judiciaire de Grasse<\/strong>\u00a0\u00bb, indiquent, ce mardi 21\u00a0octobre, dans un courrier \u00e9lectronique, leurs conseils Maitres Romain Guerinot et Audrey Giordan.<\/p>\n<p class=\"fs-5 \">\u00ab\u00a0En effet, de <strong>trop nombreux dysfonctionnements<\/strong> sont pr\u00e9sents dans l\u2019enqu\u00eate qui a \u00e9t\u00e9 men\u00e9e par le commissariat de Cagnes-sur-Mer, poursuivent les avocats. Les faits all\u00e9gu\u00e9s par ces enfants de 4 ans sont plus qu\u2019\u00e9tonnants et pour autant l\u2019un d\u2019eux n\u2019a \u00e9t\u00e9 entendu que quelques minutes dans la salle M\u00e9lanie par une fonctionnaire ayant valid\u00e9 des commentaires sur la pr\u00e9somption d\u2019innocence sur les r\u00e9seaux sociaux. Un tel comportement pose question.\u00a0\u00bb<\/p>\n<p>            <img src=\"https:\/\/www.europesays.com\/fr\/wp-content\/uploads\/2025\/10\/1f34139_upload-from-url-1-bzjuibhqrkrb-data-art-16442186.jpg\"   loading=\"lazy\" decoding=\"async\" alt=\"La salle technique avec un retour audio et vid\u00e9o de la salle M\u00e9lanie permet aux enqu\u00eateurs et au psychologue de suivre sans perturber l\u2019audition de l\u2019enfant. Photo Alain Ricci \" class=\"img-fluid position-absolute w-100 object-fit-cover rounded-2\" width=\"600\" height=\"400\"\/><\/p>\n<p class=\"fs-5 \">Maitres Romain Guerinot et Audrey Giordan s\u2019interrogent \u00e9galement sur l\u2019attitude l\u2019Acad\u00e9mie.<\/p>\n<p class=\"fs-5 \">\u00ab\u00a0Il conviendra \u00e9galement de faire la lumi\u00e8re sur l\u2019intervention de l\u2019acad\u00e9mie bien tardive. Les familles ont d\u00e9pos\u00e9 plainte d\u00e8s le 1er octobre pour autant le maitre d\u2019\u00e9cole a \u00e9t\u00e9 suspendu \u00e0 titre conservatoire que le mardi 7 octobre.\u00a0\u00bb<\/p>\n<p class=\"fs-5 \">Et de conclure\u00a0: \u00ab\u00a0Si la pr\u00e9somption d\u2019innocence est un principe fondamental en droit fran\u00e7ais, il n\u2019en demeure pas moins exact que la parole d\u2019enfants sur des faits aussi graves ne saurait \u00eatre balay\u00e9e en quelques instants.\u00a0\u00bb<\/p>\n","protected":false},"excerpt":{"rendered":"L\u2019affaire a suscit\u00e9 un vif \u00e9moi \u00e0 Saint-Laurent-du-Var et au-del\u00e0. Le 1er octobre, deux familles d\u2019\u00e9l\u00e8ves de l\u2019\u00e9cole&hellip;\n","protected":false},"author":2,"featured_media":481536,"comment_status":"","ping_status":"","sticky":false,"template":"","format":"standard","meta":{"footnotes":""},"categories":[2819],"tags":[1111,11,1777,674,1011,27,12,2401,882,25,57187],"class_list":{"0":"post-481535","1":"post","2":"type-post","3":"status-publish","4":"format-standard","5":"has-post-thumbnail","7":"category-nice","8":"tag-actu","9":"tag-actualites","10":"tag-eu","11":"tag-europe","12":"tag-fr","13":"tag-france","14":"tag-news","15":"tag-nice","16":"tag-provence-alpes-cote-dazur","17":"tag-republique-francaise","18":"tag-violencessexuelles"},"share_on_mastodon":{"url":"https:\/\/pubeurope.com\/@fr\/115416863400531379","error":""},"_links":{"self":[{"href":"https:\/\/www.europesays.com\/fr\/wp-json\/wp\/v2\/posts\/481535","targetHints":{"allow":["GET"]}}],"collection":[{"href":"https:\/\/www.europesays.com\/fr\/wp-json\/wp\/v2\/posts"}],"about":[{"href":"https:\/\/www.europesays.com\/fr\/wp-json\/wp\/v2\/types\/post"}],"author":[{"embeddable":true,"href":"https:\/\/www.europesays.com\/fr\/wp-json\/wp\/v2\/users\/2"}],"replies":[{"embeddable":true,"href":"https:\/\/www.europesays.com\/fr\/wp-json\/wp\/v2\/comments?post=481535"}],"version-history":[{"count":0,"href":"https:\/\/www.europesays.com\/fr\/wp-json\/wp\/v2\/posts\/481535\/revisions"}],"wp:featuredmedia":[{"embeddable":true,"href":"https:\/\/www.europesays.com\/fr\/wp-json\/wp\/v2\/media\/481536"}],"wp:attachment":[{"href":"https:\/\/www.europesays.com\/fr\/wp-json\/wp\/v2\/media?parent=481535"}],"wp:term":[{"taxonomy":"category","embeddable":true,"href":"https:\/\/www.europesays.com\/fr\/wp-json\/wp\/v2\/categories?post=481535"},{"taxonomy":"post_tag","embeddable":true,"href":"https:\/\/www.europesays.com\/fr\/wp-json\/wp\/v2\/tags?post=481535"}],"curies":[{"name":"wp","href":"https:\/\/api.w.org\/{rel}","templated":true}]}}