{"id":481555,"date":"2025-10-22T08:34:15","date_gmt":"2025-10-22T08:34:15","guid":{"rendered":"https:\/\/www.europesays.com\/fr\/481555\/"},"modified":"2025-10-22T08:34:15","modified_gmt":"2025-10-22T08:34:15","slug":"une-ombriere-en-bois-comme-point-final-de-la-preservation-de-la-carriere-de-la-corderie","status":"publish","type":"post","link":"https:\/\/www.europesays.com\/fr\/481555\/","title":{"rendered":"une ombri\u00e8re en bois comme point final de la pr\u00e9servation de la carri\u00e8re de la Corderie ?"},"content":{"rendered":"<p>Tout \u00e7a pour \u00e7a. Apr\u00e8s <a href=\"https:\/\/www.laprovence.com\/article\/sorties-loisirs\/4598558\/corderie-letude-cachee-qui-a-decouvert-la-carriere-en-2002.html\" target=\"_blank\" rel=\"noopener\">la mise au jour de quelque 4\u00a0000\u00a0m\u00b2<\/a> de vestiges en\u00a02017, son classement comme monument historique en\u00a02018, les d\u00e9clarations d\u2019une ministre de la Culture pour promettre sa pr\u00e9servation puis, finalement, <a href=\"https:\/\/www.laprovence.com\/article\/region\/7871772919507214\/carriere-de-la-corderie-un-rassemblement-aux-allures-de-baroud-dhonneur\" target=\"_blank\" rel=\"noopener\">son enfouissement quasi total ordonn\u00e9 au printemps<\/a> par les services de l\u2019\u00c9tat pour sa \u00ab\u00a0protection\u00a0\u00bb, un point final semble avoir \u00e9t\u00e9 pos\u00e9 sur l\u2019am\u00e9nagement de la carri\u00e8re antique de <a href=\"https:\/\/www.laprovence.com\/article\/region\/4867118783561514\/mur-du-parc-puget-fragilise-a-marseille-la-circulation-perturbee-jusqua-nouvel-ordre-sur-le-boulevard-de-la-corderie\" target=\"_blank\" rel=\"noopener\">la Corderie (7e)<\/a>.<\/p>\n<p>\u00c9rig\u00e9 fin septembre, il prend la forme d\u2019une ombri\u00e8re en bois d\u2019une quinzaine de m\u00e8tres carr\u00e9s, aux allures d\u2019abri de jardin, cens\u00e9e prot\u00e9ger des intemp\u00e9ries l\u2019unique r\u00e9surgence calcaire non recouverte et visible du site datant du VIe\u00a0si\u00e8cle avant J.-C.<\/p>\n<p>\u00ab\u00a0On se moque de nous\u00a0\u00bb<\/p>\n<p>Cette installation semble doucher d\u00e9finitivement les espoirs des d\u00e9fenseurs de la carri\u00e8re, qui se battent depuis huit ans pour que \u00ab\u00a0ce patrimoine unique, t\u00e9moignage important de la fondation de Marseille\u00a0\u00bb, soit pr\u00e9serv\u00e9 et mis en valeur. \u00ab\u00a0On se moque de nous, livre <a href=\"https:\/\/www.laprovence.com\/article\/region\/29562047725276\/des-consequences-desastreuses-ils-se-battent-contre-le-reenfouissement-de-la-carriere-de-la-corderie-a-marseille\" target=\"_blank\" rel=\"noopener\">Louis Alesandrini, membre de l\u2019association Art13 et d\u00e9fenseur infatigable de la carri\u00e8re<\/a>. L\u2019\u00c9tat comme la Ville avaient \u00e9voqu\u00e9 une valorisation, une ouverture du site aux scolaires\u2026. Tout ceci semble enterr\u00e9 par cette ombri\u00e8re, qui repr&#8230;<\/p>\n","protected":false},"excerpt":{"rendered":"Tout \u00e7a pour \u00e7a. Apr\u00e8s la mise au jour de quelque 4\u00a0000\u00a0m\u00b2 de vestiges en\u00a02017, son classement comme&hellip;\n","protected":false},"author":2,"featured_media":481556,"comment_status":"","ping_status":"","sticky":false,"template":"","format":"standard","meta":{"footnotes":""},"categories":[2814],"tags":[17,1111,11,4154,1993,1777,674,22616,1011,27,884,12,60503,3948,882,16,25,96],"class_list":{"0":"post-481555","1":"post","2":"type-post","3":"status-publish","4":"format-standard","5":"has-post-thumbnail","7":"category-marseille","8":"tag-17","9":"tag-actu","10":"tag-actualites","11":"tag-bois","12":"tag-comme","13":"tag-eu","14":"tag-europe","15":"tag-final","16":"tag-fr","17":"tag-france","18":"tag-marseille","19":"tag-news","20":"tag-ombriere","21":"tag-point","22":"tag-provence-alpes-cote-dazur","23":"tag-region","24":"tag-republique-francaise","25":"tag-une"},"share_on_mastodon":{"url":"https:\/\/pubeurope.com\/@fr\/115416902238187883","error":""},"_links":{"self":[{"href":"https:\/\/www.europesays.com\/fr\/wp-json\/wp\/v2\/posts\/481555","targetHints":{"allow":["GET"]}}],"collection":[{"href":"https:\/\/www.europesays.com\/fr\/wp-json\/wp\/v2\/posts"}],"about":[{"href":"https:\/\/www.europesays.com\/fr\/wp-json\/wp\/v2\/types\/post"}],"author":[{"embeddable":true,"href":"https:\/\/www.europesays.com\/fr\/wp-json\/wp\/v2\/users\/2"}],"replies":[{"embeddable":true,"href":"https:\/\/www.europesays.com\/fr\/wp-json\/wp\/v2\/comments?post=481555"}],"version-history":[{"count":0,"href":"https:\/\/www.europesays.com\/fr\/wp-json\/wp\/v2\/posts\/481555\/revisions"}],"wp:featuredmedia":[{"embeddable":true,"href":"https:\/\/www.europesays.com\/fr\/wp-json\/wp\/v2\/media\/481556"}],"wp:attachment":[{"href":"https:\/\/www.europesays.com\/fr\/wp-json\/wp\/v2\/media?parent=481555"}],"wp:term":[{"taxonomy":"category","embeddable":true,"href":"https:\/\/www.europesays.com\/fr\/wp-json\/wp\/v2\/categories?post=481555"},{"taxonomy":"post_tag","embeddable":true,"href":"https:\/\/www.europesays.com\/fr\/wp-json\/wp\/v2\/tags?post=481555"}],"curies":[{"name":"wp","href":"https:\/\/api.w.org\/{rel}","templated":true}]}}