{"id":481559,"date":"2025-10-22T08:36:16","date_gmt":"2025-10-22T08:36:16","guid":{"rendered":"https:\/\/www.europesays.com\/fr\/481559\/"},"modified":"2025-10-22T08:36:16","modified_gmt":"2025-10-22T08:36:16","slug":"lyon-larnaque-a-la-cryptomonnaie-fait-des-ravages-une-victime-alerte-cest-un-piege","status":"publish","type":"post","link":"https:\/\/www.europesays.com\/fr\/481559\/","title":{"rendered":"Lyon. L&rsquo;arnaque \u00e0 la cryptomonnaie fait des ravages, une victime alerte : \u00ab\u00a0C&rsquo;est un pi\u00e8ge\u00a0\u00bb"},"content":{"rendered":"<p>            Par<br \/>\n        <strong><br \/>\n            <a href=\"https:\/\/actu.fr\/auteur\/redaction-lyon\" title=\"Consulter tous les articles de R\u00e9daction Lyon\" rel=\"nofollow noopener\" target=\"_blank\">R\u00e9daction Lyon<\/a><br \/>\n        <\/strong><\/p>\n<p>        Publi\u00e9 le<\/p>\n<p>            22 oct. 2025 \u00e0 9h37        <\/p>\n<p>Une <strong>plainte collective contre X<\/strong> a \u00e9t\u00e9 d\u00e9pos\u00e9e aupr\u00e8s du parquet national financier (PNF) apr\u00e8s que plus d\u2019une centaine de personnes se sont d\u00e9clar\u00e9es victimes d\u2019une <strong>escroquerie \u00e0 la cryptomonnaie<\/strong> via la plateforme am\u00e9ricaine ACCGN, a annonc\u00e9 mardi leur avocat. Le professionnel bas\u00e9 \u00e0 <a href=\"https:\/\/actu.fr\/auvergne-rhone-alpes\/lyon_69123\" rel=\"nofollow noopener\" target=\"_blank\">Lyon<\/a> estime avoir d\u00e9couvert une arnaque d\u2019une \u00ab\u2009ampleur in\u00e9dite\u2009\u00bb touchant de nombreuses victimes. Parmi elles, des habitants du <a href=\"https:\/\/actu.fr\/auvergne-rhone-alpes\/rhone_69\" rel=\"nofollow noopener\" target=\"_blank\">Rh\u00f4ne<\/a>.<br \/>Pr\u00e9sent\u00e9e comme un service de trading automatis\u00e9 <strong>fond\u00e9 sur l\u2019intelligence artificielle<\/strong>, la plateforme, enregistr\u00e9e en Californie, a s\u00e9duit ses victimes entre\u00a02024 et\u00a02025, en leur promettant \u00ab\u2009des rendements fixes et garantis sur des investissements en crypto-actifs\u2009\u00bb, a pr\u00e9cis\u00e9 \u00e0 l\u2019AFP Me J\u00e9r\u00e9my Asta-Vola, du barreau de Lyon.<\/p>\n<p>\u00ab\u2009Un syst\u00e8me Ponzi sophistiqu\u00e9\u2009\u00bb<\/p>\n<p class=\" wall-content\">\u00ab\u2009Il s\u2019agissait d\u2019un <strong>syst\u00e8me Ponzi sophistiqu\u00e9<\/strong> (ndlr\u2009: qui r\u00e9mun\u00e8re les investissements des clients essentiellement par les fonds procur\u00e9s par les nouveaux entrants), organis\u00e9 depuis l\u2019\u00e9tranger et relay\u00e9 en France par un r\u00e9seau humain structur\u00e9\u2009\u00bb, a expliqu\u00e9 l\u2019avocat dont la plainte d\u00e9pos\u00e9e lundi concerne <strong>125 victimes fran\u00e7aises<\/strong> pour un pr\u00e9judice total de \u00ab\u2009plusieurs centaines de milliers d\u2019euros\u2009\u00bb.<\/p>\n<p class=\" wall-content\">Ces \u00e9pargnants flou\u00e9s proviennent de plusieurs r\u00e9gions comme l\u2019Occitanie, Provence-Alpes-C\u00f4te d\u2019Azur et <strong>Auvergne-Rh\u00f4ne-Alpes<\/strong>, o\u00f9 le r\u00e9seau ACCGN s\u2019appuyait sur des \u00ab\u2009relais locaux et du d\u00e9marchage de proximit\u00e9\u2009\u00bb, selon la m\u00eame source.<\/p>\n<p>\u00ab\u2009Psychologiquement, c\u2019est dur\u2009\u00bb, t\u00e9moigne un habitant du Rh\u00f4ne<\/p>\n<p class=\" wall-content\">Victime de l\u2019arnaque et plaignant, Lo\u00efc Tardy originaire de Villefranche-sur-Sa\u00f4ne pr\u00e8s de Lyon dit avoir jou\u00e9 \u00ab\u2009tous les jours\u2009\u00bb sur la plateforme et avoir \u00ab\u2009gagn\u00e9 petit \u00e0 petit\u2009\u00bb, avant de parrainer son p\u00e8re qui a lui-m\u00eame parrain\u00e9 d\u2019autres personnes.<\/p>\n<p class=\" wall-content\">\u00ab\u2009On a gagn\u00e9, on va dire tous un peu, et jusqu\u2019au moment o\u00f9 \u00e7a a bloqu\u00e9\u2009\u00bb il y a quelques semaines, poursuit cet ing\u00e9nieur informatique \u00e2g\u00e9 de 20\u00a0ans. Pour lui \u00ab\u2009c\u2019est un pi\u00e8ge\u2009\u00bb.<\/p>\n<p class=\" wall-content\">\u00ab\u2009Psychologiquement, c\u2019est dur quand m\u00eame de se dire \u00a0\u00bbils ont perdu en partie \u00e0 cause de moi\u00a0\u00bb\u00bb, dit-il, expliquant vouloir \u00ab\u2009pr\u00e9venir les gens parce que tout le monde peut tomber dedans\u2009\u00bb et \u00ab\u2009que des promesses d\u2019argent faciles avec des rendements trop \u00e9lev\u00e9s, \u00e7a cache quelque chose\u2009\u00bb.<\/p>\n<p>Votre r\u00e9gion, votre actu !<\/p>\n<p>Recevez chaque jour les infos qui comptent pour vous.<\/p>\n<p>\t<a href=\"https:\/\/actu.fr\/newsletter\" class=\"ac-btn ac-btn--corner ac-btn--medium ac-btn--blue800\" rel=\"nofollow noopener\" target=\"_blank\">S&rsquo;incrire<\/a><br \/>\n18\u00a0millions d\u2019euros de flux<\/p>\n<p class=\" wall-content\">Des flux \u00ab\u2009totalisant plus de 18\u00a0millions d\u2019euros en crypto-actifs\u2009\u00bb ont transit\u00e9 \u00ab\u2009vers des portefeuilles associ\u00e9s aux auteurs\u2009\u00bb de l\u2019escroquerie pr\u00e9sum\u00e9e, a encore estim\u00e9 Me Asta-Vola.<\/p>\n<p class=\" wall-content\">\u00ab\u2009Derri\u00e8re cette affaire, <strong>il y a des vies bris\u00e9es\u2009<\/strong>: des \u00e9pargnants qui ont cru \u00e0 une promesse d\u2019investissement innovante\u2009\u00bb, a-t-il soulign\u00e9, assurant qu\u2019une plainte compl\u00e9mentaire sera pr\u00e9sent\u00e9e \u00ab\u2009dans les prochaines semaines\u2009\u00bb.<\/p>\n<p class=\" wall-content\">Le PNF a \u00e9t\u00e9 saisi pour des faits d\u2019\u00ab\u2009association de malfaiteurs, escroquerie en bande organis\u00e9e, abus de confiance, blanchiment, collecte frauduleuse de donn\u00e9es d\u2019identit\u00e9 et infractions financi\u00e8res connexes\u2009\u00bb.<\/p>\n<p>Un site sur liste noire<\/p>\n<p class=\" wall-content\">Depuis le 22\u00a0septembre, la plateforme (<strong>acc.accgn.net) a \u00e9t\u00e9 plac\u00e9e sur une liste noire par l\u2019Autorit\u00e9 des march\u00e9s financiers<\/strong> (AMF) et n\u2019est pas autoris\u00e9e \u00e0 proposer certains services ou placements financiers en France, indique l\u2019AMF sur son site.<\/p>\n<p class=\" wall-content\">Cr\u00e9\u00e9 en octobre, le groupe Facebook \u201cACCGN Plainte group\u00e9e\u201d rassemble d\u00e9sormais plus de 2.000 membres.<\/p>\n<p class=\" wall-content\"><strong>Avec AFP<\/strong><\/p>\n<p class=\" wall-content\">Personnalisez votre actualit\u00e9 en ajoutant vos villes et m\u00e9dias en favori avec <a href=\"https:\/\/moncompte.actu.fr\" title=\"D\u00e9couvez Mon Actu\" rel=\"nofollow noopener\" data-trk=\"{&quot;cta&quot;:{&quot;action&quot;:&quot;https:\\\/\\\/moncompte.actu.fr&quot;,&quot;category&quot;:&quot;mon compte&quot;,&quot;from&quot;:&quot;article footer&quot;,&quot;name&quot;:&quot;Mon actu&quot;,&quot;type&quot;:&quot;cta&quot;}}\" target=\"_blank\">Mon Actu<\/a>.<\/p>\n","protected":false},"excerpt":{"rendered":"Par R\u00e9daction Lyon Publi\u00e9 le 22 oct. 2025 \u00e0 9h37 Une plainte collective contre X a \u00e9t\u00e9 d\u00e9pos\u00e9e&hellip;\n","protected":false},"author":2,"featured_media":481560,"comment_status":"","ping_status":"","sticky":false,"template":"","format":"standard","meta":{"footnotes":""},"categories":[1889],"tags":[1111,11,1261,3514,2430,1777,674,1011,27,303,2428,12,25,104],"class_list":{"0":"post-481559","1":"post","2":"type-post","3":"status-publish","4":"format-standard","5":"has-post-thumbnail","7":"category-lyon","8":"tag-actu","9":"tag-actualites","10":"tag-argent","11":"tag-arnaque","12":"tag-auvergne-rhone-alpes","13":"tag-eu","14":"tag-europe","15":"tag-fr","16":"tag-france","17":"tag-justice","18":"tag-lyon","19":"tag-news","20":"tag-republique-francaise","21":"tag-societe"},"share_on_mastodon":{"url":"https:\/\/pubeurope.com\/@fr\/115416910034944319","error":""},"_links":{"self":[{"href":"https:\/\/www.europesays.com\/fr\/wp-json\/wp\/v2\/posts\/481559","targetHints":{"allow":["GET"]}}],"collection":[{"href":"https:\/\/www.europesays.com\/fr\/wp-json\/wp\/v2\/posts"}],"about":[{"href":"https:\/\/www.europesays.com\/fr\/wp-json\/wp\/v2\/types\/post"}],"author":[{"embeddable":true,"href":"https:\/\/www.europesays.com\/fr\/wp-json\/wp\/v2\/users\/2"}],"replies":[{"embeddable":true,"href":"https:\/\/www.europesays.com\/fr\/wp-json\/wp\/v2\/comments?post=481559"}],"version-history":[{"count":0,"href":"https:\/\/www.europesays.com\/fr\/wp-json\/wp\/v2\/posts\/481559\/revisions"}],"wp:featuredmedia":[{"embeddable":true,"href":"https:\/\/www.europesays.com\/fr\/wp-json\/wp\/v2\/media\/481560"}],"wp:attachment":[{"href":"https:\/\/www.europesays.com\/fr\/wp-json\/wp\/v2\/media?parent=481559"}],"wp:term":[{"taxonomy":"category","embeddable":true,"href":"https:\/\/www.europesays.com\/fr\/wp-json\/wp\/v2\/categories?post=481559"},{"taxonomy":"post_tag","embeddable":true,"href":"https:\/\/www.europesays.com\/fr\/wp-json\/wp\/v2\/tags?post=481559"}],"curies":[{"name":"wp","href":"https:\/\/api.w.org\/{rel}","templated":true}]}}