{"id":481564,"date":"2025-10-22T08:39:12","date_gmt":"2025-10-22T08:39:12","guid":{"rendered":"https:\/\/www.europesays.com\/fr\/481564\/"},"modified":"2025-10-22T08:39:12","modified_gmt":"2025-10-22T08:39:12","slug":"7-departements-en-vigilance-orange-les-vents-peuvent-creer-le-chaos","status":"publish","type":"post","link":"https:\/\/www.europesays.com\/fr\/481564\/","title":{"rendered":"7\u00a0d\u00e9partements en vigilance orange, les vents peuvent cr\u00e9er le chaos"},"content":{"rendered":"<p>                    <a title=\"\" href=\"https:\/\/www.europesays.com\/fr\/wp-content\/uploads\/2025\/10\/81805631.jpg\" class=\"fancy\"><\/p>\n<p>                            <img loading=\"lazy\" decoding=\"async\" src=\"https:\/\/www.europesays.com\/fr\/wp-content\/uploads\/2025\/10\/81805631.jpg\" alt=\"Temp\u00eate Benjamin\u00a0: 7\u00a0d\u00e9partements en vigilance orange, les vents peuvent cr\u00e9er le chaos\" width=\"1500\" height=\"1000\"\/><\/p>\n<p>                    <\/a><\/p>\n<p>                53\u00a0d\u00e9partements ont \u00e9t\u00e9 plac\u00e9s en vigilance jaune pour \u00ab\u00a0vent\u00a0\u00bb, \u00ab\u00a0vagues-submersion\u00a0\u00bb, \u00ab\u00a0orages\u00a0\u00bb ou \u00ab\u00a0pluie-inondation\u00a0\u00bb par M\u00e9t\u00e9o-France ce mercredi, et 7\u00a0en vigilance orange d\u00e8s demain. Des rafales jusqu&rsquo;\u00e0 140\u00a0km\/h sont attendues.<\/p>\n<p>La soir\u00e9e de ce\u00a0mercredi 22 octobre 2025 devrait\u00a0\u00eatre le d\u00e9part d&rsquo;une importante perturbation dans de nombreux d\u00e9partements fran\u00e7ais.\u00a0<a href=\"https:\/\/meteofrance.com\/actualites-et-dossiers\/actualites\/changement-de-temps-cette-semaine\" target=\"_blank\" rel=\"noopener\">M\u00e9t\u00e9o-France<\/a> met en garde contre une \u00ab\u00a0perturbation\u00a0qui arrive par l&rsquo;arc atlantique en cours d&rsquo;apr\u00e8s-midi et se dirige vers la fa\u00e7ade est en passant par les r\u00e9gions centrales ainsi que l&rsquo;\u00cele-de-France, les Hauts-de-France et le Grand-Est\u00a0\u00bb, avant de prendre une toute autre dimension, pour la journ\u00e9e de jeudi.<\/p>\n<p>En effet, la temp\u00eate Benjamin va frapper la France dans les prochaines heures. Une cinquantaine de\u00a0d\u00e9partements sont plac\u00e9s en vigilance jaune pour risque de vents violents, vagues-submersion, orages ou pluie-inondation par M\u00e9t\u00e9o-France ce mercredi. Jeudi, sept d\u00e9partements du littoral fran\u00e7ais sont plac\u00e9s en vigilance orange vent et vagues-submersion.\u00a0Les d\u00e9partements concern\u00e9s par la vigilance vent sont la\u00a0Manche, la\u00a0Vend\u00e9e, la\u00a0Charente-Maritime, la\u00a0Gironde, les\u00a0Landes\u00a0et les\u00a0Pyr\u00e9n\u00e9es-Atlantiques. Les territoires plac\u00e9s en alerte vagues-submersion sont la\u00a0Seine-Maritime, mais \u00e9galement de nouveau la\u00a0Gironde, les\u00a0Landes\u00a0et les\u00a0Pyr\u00e9n\u00e9es-Atlantiques.<\/p>\n<p>La Manche sera plac\u00e9e en vigilance orange pour vent violent d\u00e8s 4 heures jeudi, suivie d\u00e8s l&rsquo;heure d&rsquo;apr\u00e8s par les d\u00e9partements atlantiques. L&rsquo;alerte sera lev\u00e9e \u00e0 midi dans la Manche et \u00e0 14 heures dans le reste des d\u00e9partements.\u00a0Les premi\u00e8res alertes vagues-submersion, elles, d\u00e9buteront \u00e9galement \u00e0 4 heures, c\u00f4t\u00e9 oc\u00e9an Atlantique. Elles seront toutes lev\u00e9es \u00e0 10 heures. En Seine-Maritime, la vigilance sera\u00a0\u00e9mise de 11 heures \u00e0 16 heures.<\/p>\n<p><a href=\"https:\/\/actualite.lachainemeteo.com\/actualite-meteo\/2025-10-21\/risque-de-tempete-jeudi-a-quoi-s-attendre-82348\" target=\"_blank\" rel=\"noopener\">La Cha\u00eene M\u00e9t\u00e9o<\/a>\u00a0parle d&rsquo;un \u00ab\u00a0renforcement du vent\u00a0\u00bb\u00a0d\u00e8s la fin de nuit sur la fa\u00e7ade atlantique, notamment entre la Bretagne et la Gironde. Jeudi, le centre d\u00e9pressionnaire se positionnera sur la Manche. Des rafales \u00e0 plus de 100\u00a0km\/h sont attendues\u00a0le long des c\u00f4tes de la Manche, atlantiques et m\u00e9diterran\u00e9ennes. \u00ab\u00a0Mercredi soir, la temp\u00eate Benjamin\u00a0se creuse en entr\u00e9e de Manche et occasionne de violentes rafales et de fortes vagues \u00e0 la c\u00f4te lors de son passage d\u00e8s la fin de nuit de mercredi \u00e0 jeudi sur la fa\u00e7ade atlantique ainsi que sur le littoral de la Manche\u00a0\u00bb, pr\u00e9cise <a href=\"https:\/\/vigilance.meteofrance.fr\/fr\/demain\" target=\"_blank\" rel=\"noopener\">M\u00e9t\u00e9o-France<\/a>.\u00a0dans son bulletin du jour.<\/p>\n<p>\u00ab\u00a0Sur les reliefs corses, on va monter\u00a0jusqu\u2019\u00e0 120-140\u00a0km\/h\u00a0\u00bb, jeudi, ajoute le m\u00e9t\u00e9orologue Yann Amice, interrog\u00e9 par\u00a0<a href=\"https:\/\/actu.fr\/meteo\/la-tempete-benjamin-vient-d-etre-nommee-et-elle-va-nous-frapper-ce-jeudi-quelles-consequences-en-france_63333035.html\" target=\"_blank\" rel=\"noopener\">Actu.fr<\/a>. Ces vents pourraient cr\u00e9er le chaos dans les d\u00e9partements con cern\u00e9s par l&rsquo;alerte, \u00ab\u00a0il y a une possibilit\u00e9 que \u00e7a devienne une\u00a0bombe m\u00e9t\u00e9orologique\u00a0\u00bb, abonde justement le m\u00e9t\u00e9orologue Patrick Marli\u00e8re dans les colonnes du <a href=\"https:\/\/www.leparisien.fr\/meteo\/vents-violents-et-vagues-submersives-sept-departements-en-vigilance-orange-dans-louest-du-pays-jeudi-22-10-2025-VFGGQYKVZ5DFPCGM2L5D2OTB2I.php\" target=\"_blank\" rel=\"noopener\">Parisien<\/a>.<\/p>\n<p>La fa\u00e7ade atlantique et le littoral de la Manche en alerte<\/p>\n<p>\u00c0 la mi-journ\u00e9e,\u00a0les rafales les plus fortes se d\u00e9caleront vers le centre, la vall\u00e9e de la Loire et le nord-est, avant un \u00ab\u00a0d\u00e9ferlement\u00a0\u00bb\u00a0pr\u00e8s de la M\u00e9diterran\u00e9e puis la Corse, avec localement des \u00ab\u00a0rafales temp\u00e9tueuses\u00a0\u00bb, pr\u00e9cise La Cha\u00eene M\u00e9t\u00e9o. Des rafales atteindront ponctuellement 120\u00a0km\/h entre le Pays basque et la Charente-Maritime, voire\u00a0130\u00a0km\/h\u00a0dans les Pyr\u00e9n\u00e9es-Orientales selon <a href=\"https:\/\/france3-regions.franceinfo.fr\/occitanie\/pyrenees-orientales\/perpignan\/meteo-risque-de-tempete-un-rare-episode-de-vent-violent-arrive-les-habitants-sont-appeles-a-la-prudence-3236810.html#:~:text=De%20fortes%20rafales%20de%20vent,\u00e0%20un%20\u00e9pisode%20venteux%20intense.\" target=\"_blank\" rel=\"noopener\">France 3 Occitanie<\/a>. M\u00eame constat pour\u00a0les c\u00f4tes nord de la Bretagne, avec des vents attendus jusqu&rsquo;\u00e0 130 km\/h, indique <a href=\"https:\/\/www.francebleu.fr\/infos\/meteo\/un-coup-de-vent-soutenu-et-violent-accompagne-de-fortes-pluies-est-attendu-en-france-jeudi-3594205\" target=\"_blank\" rel=\"noopener\">France Bleu<\/a>.<\/p>\n<p>En fin de nuit de mercredi \u00e0 jeudi, le vent d&rsquo;ouest d\u00e9j\u00e0 soutenu \u00ab\u00a0se renforce encore\u00a0\u00bb, en particulier sur la c\u00f4te atlantique et les c\u00f4tes de manche : \u00ab\u00a0des rafales de 100 \u00e0 120 km\/h voire localement 130 km\/h sont pr\u00e9vues sur le littoral, et de 90 \u00e0 110 km\/h dans l&rsquo;int\u00e9rieur des terres\u00a0\u00bb, explique <a href=\"https:\/\/vigilance.meteofrance.fr\/fr\/demain\" target=\"_blank\" rel=\"noopener\">M\u00e9t\u00e9o-France<\/a>. D&rsquo;autres secteurs comme les hauteurs du Massif central (jusqu&rsquo;\u00e0 100 km\/h),\u00a0les reliefs des Causses, Alpes et du Jura (jusqu&rsquo;\u00e0 120 km\/h), seront particuli\u00e8rement expos\u00e9s aux rafales de vent.<\/p>\n<p>M\u00e9t\u00e9o-France indique dans son bulletin journalier qu&rsquo;il \u00ab\u00a0existe encore une incertitude\u00a0\u00bb sur la trajectoire de la temp\u00eate Benjamin \u00ab\u00a0et son creusement, et donc sur le vent et les cumuls de pr\u00e9cipitations associ\u00e9s \u00e0 cette d\u00e9pression\u00a0\u00bb. En fonction de l&rsquo;\u00e9volution des pr\u00e9visions, \u00ab\u00a0une aggravation du niveau vigilance vers le niveau orange est possible sur les d\u00e9partements en jaune pour le vent sur l&rsquo;ouest et le nord du pays, et pour les pr\u00e9cipitations sur les Alpes du Nord\u00a0\u00bb, pr\u00e9vient la station m\u00e9t\u00e9orologique. La trajectoire de la d\u00e9pression peut \u00eatre suivi en direct avec la carte <a href=\"https:\/\/www.windy.com\/?48.836,2.417,5\" target=\"_blank\" rel=\"noopener\">Windy<\/a> ci-dessous.<\/p>\n<\/p>\n<p>Concernant l&rsquo;alerte \u00e9mise pour \u00ab\u00a0vagues-submersion\u00a0\u00bb,\u00a0les vent forts d&rsquo;Ouest \u00e0 Nord-Ouest se renforcent dans le Golfe de Gascogne dans la nuit de mercredi \u00e0 jeudi, puis en Manche jeudi matin, ce qui entra\u00eenera de \u00ab\u00a0tr\u00e8s fortes vagues et une sur\u00e9l\u00e9vation temporaire du niveau de la mer (surcote)\u00a0\u00bb, pr\u00e9cise la station m\u00e9t\u00e9orologique.\u00a0\u00ab\u00a0Dans un contexte de mar\u00e9e de vive-eau (coefficients 83 jeudi matin et 81 jeudi soir), la conjonction de niveaux marins \u00e9lev\u00e9s et de fortes vagues risque d&rsquo;engendrer des submersions marines par franchissement de paquets de mer sur les zones expos\u00e9es du littoral des d\u00e9partements plac\u00e9s en vigilance \u00ab\u00a0vagues-submersion\u00a0\u00bb. Le risque sera plus marqu\u00e9 au moment des pleines mers\u00a0\u00bb, pr\u00e9cise-t-on.<\/p>\n<p><a name=\"post1761122120\"\/>10:35 &#8211; 22 d\u00e9partements d\u00e9j\u00e0 en vigilance jaune vents mercredi soir<\/p>\n<p>Ce mercredi, 22 d\u00e9partements vont basculer\u00a0en vigilance jaune vent mercredi \u00e0 partir de 19 heures. Le\u00a0Calvados, le Cantal, la Charente, la Charente-Maritime, la Corr\u00e8ze, les C\u00f4tes-d&rsquo;Armor, la Creuse, le Finist\u00e8re, l&rsquo;Ille-et-Vilaine, l&rsquo;Indre-et-Loire, la Loire-Atlantique, le Maine-et-Loire, la Manche, la Mayenne, le Morbihan, l&rsquo;Orne, le Puy-de-D\u00f4me, la Sarthe, les Deux-S\u00e8vres, la Vend\u00e9e, la Vienne et la Haute-Vienne sont concern\u00e9s. Dans la nuit, vers 4 heures, trois d&rsquo;entre eux basculeront en vigilance orange : la Charente-Maritime, la Manche et la Vend\u00e9e.\u00a0<\/p>\n<p><a name=\"post1761120048\"\/>10:00 &#8211; Quelle situation ce mercredi matin ?<\/p>\n<p>Ce mercredi matin, l&rsquo;\u00e9pisode venteux n&rsquo;a pas encore d\u00e9but\u00e9. De fortes averses balayent toutefois le sud-ouest et les Alpes. Des cumuls de pluies entre 50 et 70 mm sont aussi attendus sur le Massif central. Elles peuvent prendre localement un caract\u00e8re orageux.\u00a0<\/p>\n<p><a name=\"post1761114104\"\/>08:21 &#8211; Des vents jusqu&rsquo;\u00e0 140 km\/h attendus<\/p>\n<p>En fin de nuit de mercredi \u00e0 jeudi, le vent d&rsquo;ouest d\u00e9j\u00e0 soutenu \u00ab\u00a0se renforce encore\u00a0\u00bb, en particulier sur la c\u00f4te atlantique et les c\u00f4tes de manche : \u00ab\u00a0des rafales de 100 \u00e0 120 km\/h voire localement 130 km\/h sont pr\u00e9vues sur le littoral, et de 90 \u00e0 110 km\/h dans l&rsquo;int\u00e9rieur des terres\u00a0\u00bb, explique\u00a0M\u00e9t\u00e9o-France. \u00ab\u00a0Et sur les reliefs corses, on va monter\u00a0jusqu\u2019\u00e0 120-140\u00a0km\/h\u00a0\u00bb, jeudi, ajoute le m\u00e9t\u00e9orologue Yann Amice, interrog\u00e9 par <a href=\"https:\/\/actu.fr\/meteo\/la-tempete-benjamin-vient-d-etre-nommee-et-elle-va-nous-frapper-ce-jeudi-quelles-consequences-en-france_63333035.html\" target=\"_blank\" rel=\"noopener\">Actu.fr<\/a>.<\/p>\n<p><a name=\"post1761113335\"\/>08:08 &#8211; Les d\u00e9partements concern\u00e9s par la vigilance orange<\/p>\n<ul>&#13;<\/p>\n<li><strong>Vigilance orange pour vents <\/strong>:\u00a0Vend\u00e9e, Charente-Maritime, Gironde, Landes, Pyr\u00e9n\u00e9es-Atlantiques, Manche ;<\/li>\n<p>&#13;<\/p>\n<li><strong>Vigilance orange pour vents et vagues-submersion<\/strong> : Gironde, Landes Pyr\u00e9n\u00e9es-Atlantiques ;<\/li>\n<p>&#13;<\/p>\n<li><strong>Vigilance orange pour vagues-submersion<\/strong> : Seine-Maritime.<\/li>\n<p>&#13;\n<\/ul>\n<p><a name=\"post1761112827\"\/>08:00 &#8211; La vigilance orange d\u00e9butera \u00e0 4 heures la nuit prochaine<\/p>\n<p>La Manche sera plac\u00e9e en vigilance orange pour vent violent d\u00e8s 4 heures jeudi, suivie d\u00e8s l&rsquo;heure d&rsquo;apr\u00e8s par les d\u00e9partements atlantiques. L&rsquo;alerte sera lev\u00e9e \u00e0 midi dans la Manche et \u00e0 14 heures dans le reste des d\u00e9partements.\u00a0Les premi\u00e8res alertes vagues-submersion, elles, d\u00e9buteront \u00e9galement \u00e0 4 heures, c\u00f4t\u00e9 oc\u00e9an Atlantique. Elles seront toutes lev\u00e9es \u00e0 10 heures. En Seine-Maritime, la vigilance sera\u00a0\u00e9mise de 11 heures \u00e0 16 heures.<\/p>\n<p><a name=\"post1761112678\"\/>07:57 &#8211; Une incertitude sur la trajectoire de la temp\u00eate Benjamin<\/p>\n<p>M\u00e9t\u00e9o France indique dans son bulletin journalier qu&rsquo;il \u00ab\u00a0existe encore une incertitude\u00a0\u00bb sur la trajectoire de la temp\u00eate Benjamin \u00ab\u00a0et son creusement, et donc sur le vent et les cumuls de pr\u00e9cipitations associ\u00e9s \u00e0 cette d\u00e9pression\u00a0\u00bb. En fonction de l&rsquo;\u00e9volution des pr\u00e9visions, \u00ab\u00a0une aggravation du niveau vigilance vers le niveau orange est possible sur les d\u00e9partements en jaune pour le vent sur l&rsquo;ouest et le nord du pays, et pour les pr\u00e9cipitations sur les Alpes du Nord\u00a0\u00bb, pr\u00e9vient la station m\u00e9t\u00e9orologique. Pour l&rsquo;heure, 53 d\u00e9partements sont plac\u00e9s en vigilance jaune.<\/p>\n<p><a name=\"post1761080048\"\/>21\/10\/25\u00a0&#8211; 22:54 &#8211; Pourquoi la temp\u00eate pourrait-elle s&rsquo;appeler Benjamin ?<\/p>\n<p>Pas encore officiellement d\u00e9clar\u00e9 comme tel, l&rsquo;\u00e9v\u00e9nement m\u00e9t\u00e9orologique qui se profile mercredi et jeudi pourrait s&rsquo;appeler Benjamin, nous apprend <a href=\"https:\/\/actualite.lachainemeteo.com\/actualite-meteo\/2024-08-28\/tempetes-en-france-la-liste-des-noms-pour-la-saison-2025-2026-vient-d-etre-publiee-72133\" target=\"_blank\" rel=\"noopener\">La Cha\u00eene m\u00e9t\u00e9o<\/a>. Et pour cause, les noms des temp\u00eates sont d\u00e9termin\u00e9s en amont. Chaque saison, une liste de noms commune \u00e0 la France, l&rsquo;Espagne, le Portugal, la Belgique et le Luxembourg est \u00e9tablie. On sait ainsi qu&rsquo;apr\u00e8s Benjamin viendront les temp\u00eates Claudia, Davide, Emilia ou encore Francis.<\/p>\n","protected":false},"excerpt":{"rendered":"53\u00a0d\u00e9partements ont \u00e9t\u00e9 plac\u00e9s en vigilance jaune pour \u00ab\u00a0vent\u00a0\u00bb, \u00ab\u00a0vagues-submersion\u00a0\u00bb, \u00ab\u00a0orages\u00a0\u00bb ou \u00ab\u00a0pluie-inondation\u00a0\u00bb par M\u00e9t\u00e9o-France ce mercredi, et&hellip;\n","protected":false},"author":2,"featured_media":481565,"comment_status":"","ping_status":"","sticky":false,"template":"","format":"standard","meta":{"footnotes":""},"categories":[1592],"tags":[1111,11,60373,51761,1777,674,51763,1011,27,662,12,51767,626,25,104],"class_list":{"0":"post-481564","1":"post","2":"type-post","3":"status-publish","4":"format-standard","5":"has-post-thumbnail","7":"category-ile-de-france","8":"tag-actu","9":"tag-actualites","10":"tag-cms-linternaute-9055415","11":"tag-controller-content","12":"tag-eu","13":"tag-europe","14":"tag-format-papier","15":"tag-fr","16":"tag-france","17":"tag-ile-de-france","18":"tag-news","19":"tag-parallaxeinfeed","20":"tag-paris","21":"tag-republique-francaise","22":"tag-societe"},"share_on_mastodon":{"url":"https:\/\/pubeurope.com\/@fr\/115416922372757248","error":""},"_links":{"self":[{"href":"https:\/\/www.europesays.com\/fr\/wp-json\/wp\/v2\/posts\/481564","targetHints":{"allow":["GET"]}}],"collection":[{"href":"https:\/\/www.europesays.com\/fr\/wp-json\/wp\/v2\/posts"}],"about":[{"href":"https:\/\/www.europesays.com\/fr\/wp-json\/wp\/v2\/types\/post"}],"author":[{"embeddable":true,"href":"https:\/\/www.europesays.com\/fr\/wp-json\/wp\/v2\/users\/2"}],"replies":[{"embeddable":true,"href":"https:\/\/www.europesays.com\/fr\/wp-json\/wp\/v2\/comments?post=481564"}],"version-history":[{"count":0,"href":"https:\/\/www.europesays.com\/fr\/wp-json\/wp\/v2\/posts\/481564\/revisions"}],"wp:featuredmedia":[{"embeddable":true,"href":"https:\/\/www.europesays.com\/fr\/wp-json\/wp\/v2\/media\/481565"}],"wp:attachment":[{"href":"https:\/\/www.europesays.com\/fr\/wp-json\/wp\/v2\/media?parent=481564"}],"wp:term":[{"taxonomy":"category","embeddable":true,"href":"https:\/\/www.europesays.com\/fr\/wp-json\/wp\/v2\/categories?post=481564"},{"taxonomy":"post_tag","embeddable":true,"href":"https:\/\/www.europesays.com\/fr\/wp-json\/wp\/v2\/tags?post=481564"}],"curies":[{"name":"wp","href":"https:\/\/api.w.org\/{rel}","templated":true}]}}