{"id":481574,"date":"2025-10-22T08:44:14","date_gmt":"2025-10-22T08:44:14","guid":{"rendered":"https:\/\/www.europesays.com\/fr\/481574\/"},"modified":"2025-10-22T08:44:14","modified_gmt":"2025-10-22T08:44:14","slug":"ukraine-au-moins-six-morts-dans-des-frappes-russes-le-sommet-trump-poutine-seloigne-22-10-2025-a-1006","status":"publish","type":"post","link":"https:\/\/www.europesays.com\/fr\/481574\/","title":{"rendered":"Ukraine-Au moins six morts dans des frappes russes, le sommet Trump-Poutine s&rsquo;\u00e9loigne &#8211; 22\/10\/2025 \u00e0 10:06"},"content":{"rendered":"<p>\n (Actualis\u00e9 avec nouveau bilan, pr\u00e9cisions)\n<\/p>\n<p>\n par Pavel Polityuk\n<\/p>\n<p>\n Des attaques de drones et<br \/>\nde missiles russes ont tu\u00e9 au moins six personnes, dont deux<br \/>\nenfants, provoquant une panne d&rsquo;\u00e9lectricit\u00e9 \u00e0 l&rsquo;\u00e9chelle<br \/>\nnationale, ont rapport\u00e9 mercredi des responsables ukrainiens,<br \/>\nalors que les perspectives d&rsquo;un sommet entre Donald Trump et<br \/>\nVladimir Poutine s&rsquo;\u00e9loignent, Moscou refusant un cessez-le-feu<br \/>\nimm\u00e9diat.\n<\/p>\n<p>\n Mardi, la Maison blanche a d\u00e9clar\u00e9 qu&rsquo;aucune rencontre<br \/>\nn&rsquo;\u00e9tait pr\u00e9vue \u00ab\u00a0dans un futur proche\u00a0\u00bb entre les pr\u00e9sidents<br \/>\nam\u00e9ricain et russe apr\u00e8s que la Russie a rejet\u00e9 les appels \u00e0 un<br \/>\ncessez-le-feu imm\u00e9diat.\n<\/p>\n<p>\n \u00ab\u00a0L&rsquo;Ukraine a accept\u00e9 depuis longtemps la proposition<br \/>\nam\u00e9ricaine de cessez-le-feu alors que Moscou fait tout pour que<br \/>\nles massacres continuent\u00a0\u00bb, a d\u00e9clar\u00e9 le chef d&rsquo;\u00e9tat-major<br \/>\nukrainien Andriy Yermak sur Telegram, apr\u00e8s les attaques russes<br \/>\nde la nuit.\n<\/p>\n<p>\n \u00ab\u00a0Cela signifie que les actions collectives contre<br \/>\nPoutine sont en ce moment insuffisantes, et nous devons tous<br \/>\nensemble le forcer \u00e0 arr\u00eater de tuer notre peuple.\u00a0\u00bb\n<\/p>\n<p>\n Deux personnes ont \u00e9t\u00e9 tu\u00e9es dans les attaques \u00e0 Kyiv,<br \/>\nalors que quatre autres, dont deux enfants, sont mortes dans des<br \/>\nattaques dans les environs de la capitale ukrainienne, ont<br \/>\nannonc\u00e9 les services d&rsquo;urgence ukrainiens.\n<\/p>\n<p>\n \u00ab\u00a0Toute la nuit, les ennemis ont frapp\u00e9 les infrastructures<br \/>\n\u00e9nerg\u00e9tiques\u00a0\u00bb, a d\u00e9clar\u00e9 Svitlana Hrynchuk, ministre de<br \/>\nl&rsquo;Energie, sans donner plus de d\u00e9tails.\n<\/p>\n<p>\n Les attaques russes ont \u00e9t\u00e9 men\u00e9es par drones et missiles et<br \/>\nont dur\u00e9 une grande partie de la nuit et \u00e9taient toujours en<br \/>\ncours dans la matin\u00e9e, selon des responsables ukrainiens.\n<\/p>\n<p>\n La Russie n&rsquo;a pas r\u00e9pondu dans l&rsquo;imm\u00e9diat \u00e0 une demande de<br \/>\ncommentaire.\n<\/p>\n<p>\n Le minist\u00e8re ukrainien de l&rsquo;Energie a \u00e9galement rapport\u00e9 des<br \/>\ncoupures de courant dans la plupart du territoire ukrainien,<br \/>\ncons\u00e9quence des attaques russes sur son r\u00e9seau \u00e9nerg\u00e9tique.\n<\/p>\n<p>\n Dans la r\u00e9gion centrale de Poltava, des sites gazier et<br \/>\np\u00e9trolier ont \u00e9t\u00e9 endommag\u00e9s par des attaques russes, a fait<br \/>\nsavoir le gouverneur local.\n<\/p>\n<p>\n Depuis le d\u00e9but du conflit, la Russie vise fr\u00e9quemment les<br \/>\nsites \u00e9nerg\u00e9tiques de l&rsquo;Ukraine.\n<\/p>\n<p>\n Dans la r\u00e9gion de Zaporijjia (sud-est), cible de<br \/>\nbombardements continus russes, 13 personnes ont \u00e9t\u00e9 bless\u00e9es<br \/>\ndans les attaques de la nuit, selon le gouverneur Ivan Fedorov.\n<\/p>\n<p>\n (Pavel Polityuk et Sergiy Karazy \u00e0 Kiev et de Lidia Kelly \u00e0<br \/>\nMelbourne; version fran\u00e7aise Zhifan Liu, \u00e9dit\u00e9 par Augustin<br \/>\nTurpin et Blandine H\u00e9nault)<\/p>\n","protected":false},"excerpt":{"rendered":"(Actualis\u00e9 avec nouveau bilan, pr\u00e9cisions) par Pavel Polityuk Des attaques de drones et de missiles russes ont tu\u00e9&hellip;\n","protected":false},"author":2,"featured_media":2486,"comment_status":"","ping_status":"","sticky":false,"template":"","format":"standard","meta":{"footnotes":""},"categories":[1591],"tags":[400,11,398,408,405,1887,403,402,399,404,12,1885,1886,132,401,406,407],"class_list":{"0":"post-481574","1":"post","2":"type-post","3":"status-publish","4":"format-standard","5":"has-post-thumbnail","7":"category-russie","8":"tag-action-cac-40","9":"tag-actualites","10":"tag-bourse-de-paris","11":"tag-boursorama","12":"tag-cotations","13":"tag-federation-de-russie","14":"tag-indices-devises","15":"tag-investir","16":"tag-investissement","17":"tag-marche-boursier","18":"tag-news","19":"tag-russia","20":"tag-russian-federation","21":"tag-russie","22":"tag-sicav","23":"tag-trackers","24":"tag-warrants"},"share_on_mastodon":{"url":"https:\/\/pubeurope.com\/@fr\/115416941590748641","error":""},"_links":{"self":[{"href":"https:\/\/www.europesays.com\/fr\/wp-json\/wp\/v2\/posts\/481574","targetHints":{"allow":["GET"]}}],"collection":[{"href":"https:\/\/www.europesays.com\/fr\/wp-json\/wp\/v2\/posts"}],"about":[{"href":"https:\/\/www.europesays.com\/fr\/wp-json\/wp\/v2\/types\/post"}],"author":[{"embeddable":true,"href":"https:\/\/www.europesays.com\/fr\/wp-json\/wp\/v2\/users\/2"}],"replies":[{"embeddable":true,"href":"https:\/\/www.europesays.com\/fr\/wp-json\/wp\/v2\/comments?post=481574"}],"version-history":[{"count":0,"href":"https:\/\/www.europesays.com\/fr\/wp-json\/wp\/v2\/posts\/481574\/revisions"}],"wp:featuredmedia":[{"embeddable":true,"href":"https:\/\/www.europesays.com\/fr\/wp-json\/wp\/v2\/media\/2486"}],"wp:attachment":[{"href":"https:\/\/www.europesays.com\/fr\/wp-json\/wp\/v2\/media?parent=481574"}],"wp:term":[{"taxonomy":"category","embeddable":true,"href":"https:\/\/www.europesays.com\/fr\/wp-json\/wp\/v2\/categories?post=481574"},{"taxonomy":"post_tag","embeddable":true,"href":"https:\/\/www.europesays.com\/fr\/wp-json\/wp\/v2\/tags?post=481574"}],"curies":[{"name":"wp","href":"https:\/\/api.w.org\/{rel}","templated":true}]}}