{"id":481575,"date":"2025-10-22T08:45:16","date_gmt":"2025-10-22T08:45:16","guid":{"rendered":"https:\/\/www.europesays.com\/fr\/481575\/"},"modified":"2025-10-22T08:45:16","modified_gmt":"2025-10-22T08:45:16","slug":"volodymyr-zelensky-se-rend-en-suede-pour-un-accord-sur-les-armes","status":"publish","type":"post","link":"https:\/\/www.europesays.com\/fr\/481575\/","title":{"rendered":"Volodymyr Zelensky se rend en Su\u00e8de pour un accord sur les armes"},"content":{"rendered":"<p class=\"article-p mdl\">\u00ab\u00a0Une Ukraine forte et capable est une priorit\u00e9 essentielle pour la Su\u00e8de, et nous continuerons \u00e0 veiller \u00e0 ce qu<strong>e l&rsquo;Ukraine puisse riposter \u00e0 l&rsquo;agression de la Russie\u00a0\u00bb,<\/strong> \u00e9crit Ulf Kristersson sur X. Le Premier ministre su\u00e9dois rencontrera, ce mercredi 22 octobre,\u00a0<a class=\"link\" href=\"https:\/\/www.rtl.fr\/actu\/international\/trump-presse-zelensky-de-conclure-un-accord-pour-mettre-fin-a-la-guerre-7900554918\" title=\"Guerre en Ukraine : pourquoi Donald Trump presse Volodymyr Zelensky de conclure un &quot;accord&quot;\" rel=\"nofollow noopener\" target=\"_blank\">Volodymyr Zelensky<\/a>\u00a0pour signer un accord <strong>\u00ab\u00a0d\u2019exportation\u00a0\u00bb d\u2019armes<\/strong>, selon un communiqu\u00e9 du gouvernement su\u00e9dois.<\/p>\n<p class=\"article-p mdl\">Les deux hommes se verront dans la ville de Link\u00f6ping, si\u00e8ge du groupe de d\u00e9fense Saab qui produit l&rsquo;avion de chasse Gripen, des syst\u00e8mes d&rsquo;armes et des sous-marins.<\/p>\n<p class=\"article-p mdl\">Depuis le d\u00e9but de la guerre en Ukraine, la question de la livraison d\u2019armes pour la d\u00e9fense face \u00e0 l\u2019invasion russe est essentiel pour Kiev.\u00a0<a class=\"link\" href=\"https:\/\/www.rtl.fr\/actu\/international\/guerre-en-ukraine-un-sommet-trump-poutine-a-budapest-pour-voir-si-nous-pouvons-mettre-fin-a-cette-guerre-7900554267\" title=\"Guerre en Ukraine : un sommet Trump-Poutine \u00e0 Budapest pour \u201cvoir si nous pouvons mettre fin \u00e0 cette guerre\u201d\" rel=\"nofollow noopener\" target=\"_blank\">Les \u00c9tats-Unis<\/a>, le Royaume-Uni, l\u2019Allemagne,\u00a0<a class=\"link\" href=\"https:\/\/www.rtl.fr\/actu\/international\/radars-systemes-missiles-ces-armes-envoyees-par-la-france-en-ukraine-7900195141\" title=\"Radars, syst\u00e8mes, missiles\u2026 ces armes envoy\u00e9es par la France en Ukraine\" rel=\"nofollow noopener\" target=\"_blank\">la France<\/a>, la Pologne, les Pays-Bas, la Su\u00e8de, la Finlande, le Canada, la Norv\u00e8ge, le Danemark, l\u2019Espagne, l\u2019Italie, la R\u00e9publique tch\u00e8que, la Slovaquie la Belgique, les Pays baltes, la Gr\u00e8ce, le Portugal, et l\u2019Australie ont livr\u00e9 des armes pour la d\u00e9fense de l\u2019Ukraine.<\/p>\n<p>            Un accord suspendu l\u2019ann\u00e9e derni\u00e8re<\/p>\n<p class=\"article-p mdl\">\u00ab\u00a0\u00c0 l&rsquo;issue de leur rencontre, MM. Kristersson et Zelensky tiendront une <strong>conf\u00e9rence de presse conjointe <\/strong>pour faire une annonce dans le domaine des exportations de d\u00e9fense\u00a0\u00bb, a d\u00e9clar\u00e9 le gouvernement.<\/p>\n<p class=\"article-p mdl\">La volont\u00e9 de la Su\u00e8de d\u2019aider l\u2019Ukraine \u00e0 se d\u00e9fendre face \u00e0 la Russie n\u2019est pas r\u00e9cente. C\u2019est une \u00ab\u00a0priorit\u00e9 essentielle\u00a0\u00bb pour le pays. L\u2019an dernier, elle avait suspendu son projet d&rsquo;envoyer ses avions de combat Gripen en Ukraine, en r\u00e9ponse \u00e0 une demande des pays partenaires qui souhaitaient donner la priorit\u00e9 aux\u00a0<a class=\"link\" href=\"https:\/\/www.rtl.fr\/actu\/international\/otan-washington-donne-son-feu-vert-aux-f-16-reclames-par-la-turquie-7900346142\" title=\"Otan : Washington donne son feu vert aux F-16 r\u00e9clam\u00e9s par la Turquie\" rel=\"nofollow noopener\" target=\"_blank\">F-16 am\u00e9ricains.<\/a><\/p>\n<p>            Un accord de paix toujours possible ?<\/p>\n<p class=\"article-p mdl\">Alors que Vladimir Poutine et Donald Trump devaient se rencontrer dans les jours \u00e0 venir\u00a0<a class=\"link\" href=\"https:\/\/www.rtl.fr\/actu\/international\/un-partenaire-loyal-pourquoi-la-hongrie-a-ete-choisie-pour-la-rencontre-entre-donald-trump-et-vladimir-poutine-7900554767\" title=\"Un &quot;partenaire loyal&quot; : pourquoi la Hongrie a \u00e9t\u00e9 choisie pour la rencontre entre Donald Trump et Vladimir Poutine\" rel=\"nofollow noopener\" target=\"_blank\">en Hongrie<\/a>, ce sommet est finalement annul\u00e9. Une attaque russe a fait deux morts et deux bless\u00e9s \u00e0 Kiev dans la nuit du 21 au 22 octobre, selon le chef de l\u2019administration militaire locale. <strong>Donald Trump a r\u00e9agi et ne \u00ab\u00a0veut pas d\u2019une rencontre pour rien\u00a0\u00bb <\/strong>a-t-il assur\u00e9 devant la presse \u00e0 la Maison-Blanche. \u00ab\u00a0<strong>Je ne veux pas de perte de temps, donc on verra ce qu\u2019il va se passer\u00a0\u00bb,<\/strong> a ajout\u00e9 le pr\u00e9sident am\u00e9ricain.<\/p>\n<p class=\"article-p mdl\">L\u2019annulation de cette rencontre, associ\u00e9e \u00e0 la venue de Volodymyr Zelensky en Su\u00e8de, repousse encore l\u2019espoir d\u2019un cessez-le-feu dans cette guerre. Celui-ci est pourtant l\u2019un des principaux objectifs de Donald Trump, apr\u00e8s avoir permis la signature d\u2019un plan de paix entre\u00a0<a class=\"link\" href=\"https:\/\/www.rtl.fr\/actu\/international\/plan-de-paix-a-gaza-quelles-vont-etre-les-consequences-concretes-sur-place-7900553314\" title=\"Plan de paix \u00e0 Gaza : quelles vont \u00eatre les cons\u00e9quences concr\u00e8tes sur place ?\" rel=\"nofollow noopener\" target=\"_blank\">Isra\u00ebl et le Hamas<\/a>\u00a0il y a quelques jours. Il avait aussi promis qu\u2019il mettrait fin au conflit entre la Russie et l\u2019Ukraine en 24 heures, pendant sa campagne pr\u00e9sidentielle de 2024.<\/p>\n<p class=\"article-p mdl\">Vendredi 17 octobre, Donald Trump et Volodymyr Zelensky s\u2019\u00e9taient pourtant rencontr\u00e9s \u00e0 la Maison-Blanche. Une r\u00e9union lors de laquelle le pr\u00e9sident am\u00e9ricain avait propos\u00e9 \u00e0 son homologue d\u2019accepter des concessions territoriales \u00e0 la Russie. Il avait aussi refus\u00e9 de livrer des\u00a0<a class=\"link\" href=\"https:\/\/www.rtl.fr\/actu\/international\/qu-est-ce-que-le-missile-tomahawk-au-coeur-des-echanges-entre-trump-et-zelensky-ce-vendredi-7900554740\" title=\"Qu&#039;est-ce que le missile Tomahawk, au c\u0153ur des \u00e9changes entre Trump et Zelensky ce vendredi ?\" rel=\"nofollow noopener\" target=\"_blank\">missiles Tomahawk<\/a>\u00a0\u00e0 l\u2019Ukraine. Donald Trump visait alors la signature rapide d\u2019un accord de paix.<\/p>\n<p>    La r\u00e9daction vous recommande<\/p>\n<p class=\"s-newsletter__title\">\n                L\u2019actualit\u00e9 par la r\u00e9daction de RTL dans votre bo\u00eete mail.\n            <\/p>\n<p class=\"s-newsletter__subtitle\">\n                Gr\u00e2ce \u00e0 votre compte RTL abonnez-vous \u00e0 la newsletter RTL info pour suivre toute l&rsquo;actualit\u00e9 au quotidien\n            <\/p>\n<p>\n                                    Lire la suite\n                                <\/p>\n","protected":false},"excerpt":{"rendered":"\u00ab\u00a0Une Ukraine forte et capable est une priorit\u00e9 essentielle pour la Su\u00e8de, et nous continuerons \u00e0 veiller \u00e0&hellip;\n","protected":false},"author":2,"featured_media":481576,"comment_status":"","ping_status":"","sticky":false,"template":"","format":"standard","meta":{"footnotes":""},"categories":[1590],"tags":[11,6376,13796,554,1777,674,107,131,12,132,7199,220,134],"class_list":{"0":"post-481575","1":"post","2":"type-post","3":"status-publish","4":"format-standard","5":"has-post-thumbnail","7":"category-ukraine","8":"tag-actualites","9":"tag-armes","10":"tag-avions","11":"tag-defense","12":"tag-eu","13":"tag-europe","14":"tag-fil-info","15":"tag-guerre-en-ukraine","16":"tag-news","17":"tag-russie","18":"tag-suede","19":"tag-ukraine","20":"tag-volodymyr-zelensky"},"share_on_mastodon":{"url":"https:\/\/pubeurope.com\/@fr\/115416945482814967","error":""},"_links":{"self":[{"href":"https:\/\/www.europesays.com\/fr\/wp-json\/wp\/v2\/posts\/481575","targetHints":{"allow":["GET"]}}],"collection":[{"href":"https:\/\/www.europesays.com\/fr\/wp-json\/wp\/v2\/posts"}],"about":[{"href":"https:\/\/www.europesays.com\/fr\/wp-json\/wp\/v2\/types\/post"}],"author":[{"embeddable":true,"href":"https:\/\/www.europesays.com\/fr\/wp-json\/wp\/v2\/users\/2"}],"replies":[{"embeddable":true,"href":"https:\/\/www.europesays.com\/fr\/wp-json\/wp\/v2\/comments?post=481575"}],"version-history":[{"count":0,"href":"https:\/\/www.europesays.com\/fr\/wp-json\/wp\/v2\/posts\/481575\/revisions"}],"wp:featuredmedia":[{"embeddable":true,"href":"https:\/\/www.europesays.com\/fr\/wp-json\/wp\/v2\/media\/481576"}],"wp:attachment":[{"href":"https:\/\/www.europesays.com\/fr\/wp-json\/wp\/v2\/media?parent=481575"}],"wp:term":[{"taxonomy":"category","embeddable":true,"href":"https:\/\/www.europesays.com\/fr\/wp-json\/wp\/v2\/categories?post=481575"},{"taxonomy":"post_tag","embeddable":true,"href":"https:\/\/www.europesays.com\/fr\/wp-json\/wp\/v2\/tags?post=481575"}],"curies":[{"name":"wp","href":"https:\/\/api.w.org\/{rel}","templated":true}]}}