{"id":481580,"date":"2025-10-22T08:48:11","date_gmt":"2025-10-22T08:48:11","guid":{"rendered":"https:\/\/www.europesays.com\/fr\/481580\/"},"modified":"2025-10-22T08:48:11","modified_gmt":"2025-10-22T08:48:11","slug":"lallemagne-sengage-a-regler-les-salaires-demployes-locaux-de-larmee-americaine","status":"publish","type":"post","link":"https:\/\/www.europesays.com\/fr\/481580\/","title":{"rendered":"l&rsquo;Allemagne s\u2019engage \u00e0 r\u00e9gler les salaires d&#8217;employ\u00e9s locaux de l&rsquo;arm\u00e9e am\u00e9ricaine"},"content":{"rendered":"<p class=\"fig-paragraph\">L&rsquo;Allemagne r\u00e9glera les salaires d&rsquo;octobre des quelque 11.000 employ\u00e9s de bases militaires am\u00e9ricaines dans le pays et dont les salaires sont menac\u00e9s\u00a0<a href=\"http:\/\/www.lefigaro.fr\/conjoncture\/shutdown-des-centaines-de-milliards-de-dollars-consacres-a-la-sante-des-americains-au-coeur-du-bras-de-fer-entre-trump-et-les-democrates-20251013\" data-fig-type=\"Article\" data-gtm-custom-categorie=\"navigation\" data-gtm-custom-action=\"crossclick\" data-gtm-custom-label=\"Contextuel\" data-gtm-event=\"customEventSPE\" data-fig-domain=\"LEFIGARO\" target=\"_blank\" rel=\"noopener\">par la paralysie budg\u00e9taire aux \u00c9tats-Unis<\/a>, a indiqu\u00e9 mercredi le minist\u00e8re allemand des Finances. \u00abLe gouvernement f\u00e9d\u00e9ral va engager une d\u00e9pense exceptionnelle afin de garantir que les salaires d&rsquo;octobre soient vers\u00e9s \u00e0 temps\u00bb, a indiqu\u00e9 une porte-parole du minist\u00e8re, assurant que ces versements seraient par la suite rembours\u00e9s par les Am\u00e9ricains.<\/p>\n<p class=\"fig-paragraph\">Mardi, le syndicat allemand des services Verdi avait exhort\u00e9 le gouvernement allemand \u00e0 s&rsquo;assurer que les salaires des employ\u00e9s civils des forces arm\u00e9es am\u00e9ricaines en Allemagne soient bien vers\u00e9s, en d\u00e9pit du \u00abshutdown\u00bb budg\u00e9taire aux \u00c9tats-Unis. Verdi chiffrait les effectifs \u00e0 12.000. Depuis le 1er octobre, une partie de l&rsquo;administration f\u00e9d\u00e9rale am\u00e9ricaine est \u00e0 l&rsquo;arr\u00eat et des centaines de milliers de fonctionnaires ont \u00e9t\u00e9 mis au ch\u00f4mage technique.<\/p>\n<p>                                    <a class=\"fig-a11y-skip a11y-hidden\" href=\"#fig-a11y-skip-main-inarticle\"><br \/>\n        Passer la publicit\u00e9<br \/>\n    <\/a><\/p>\n<p>Les cr\u00e9dits n\u00e9cessaires pas encore vot\u00e9s<\/p>\n<p class=\"fig-paragraph\">Cette paralysie budg\u00e9taire menace d\u00e9sormais, selon Verdi, les employ\u00e9s en Allemagne des bases am\u00e9ricaines de Ramstein et Kaiserslautern en Rh\u00e9nanie-Palatinat, Oberpfalz en Bavi\u00e8re, Wiesbaden en Hesse et Stuttgart dans le Bade-Wurtemberg, toutes dans le sud du pays. Ces salari\u00e9s civils ont des activit\u00e9s dans des secteurs tels que la logistique, la restauration, la sant\u00e9, la s\u00e9curit\u00e9 ou la lutte contre l&rsquo;incendie.<\/p>\n<p class=\"fig-paragraph\">Selon Verdi, les \u00c9tats-Unis n&rsquo;ont toujours pas valid\u00e9 depuis le 1er octobre les cr\u00e9dits n\u00e9cessaires au paiement des salaires, comme le pr\u00e9voit la proc\u00e9dure mensuelle. Par le pass\u00e9, ces employ\u00e9s civils, r\u00e9mun\u00e9r\u00e9s conform\u00e9ment \u00e0 la convention collective coiffant les forces arm\u00e9es stationn\u00e9es en Allemagne, \u00abavaient \u00e9t\u00e9 exclus des effets d&rsquo;un shutdown et continuaient \u00e0 percevoir leurs salaires\u00bb, selon le minist\u00e8re f\u00e9d\u00e9ral des Finances.<\/p>\n","protected":false},"excerpt":{"rendered":"L&rsquo;Allemagne r\u00e9glera les salaires d&rsquo;octobre des quelque 11.000 employ\u00e9s de bases militaires am\u00e9ricaines dans le pays et dont&hellip;\n","protected":false},"author":2,"featured_media":481581,"comment_status":"","ping_status":"","sticky":false,"template":"","format":"standard","meta":{"footnotes":""},"categories":[1587],"tags":[55322,11,672,1804,1805,1803,73,1777,674,1801,12,1802],"class_list":{"0":"post-481580","1":"post","2":"type-post","3":"status-publish","4":"format-standard","5":"has-post-thumbnail","7":"category-allemagne","8":"tag-shutdown","9":"tag-actualites","10":"tag-allemagne","11":"tag-bundesrepublik-deutschland","12":"tag-de","13":"tag-deutschland","14":"tag-etats-unis","15":"tag-eu","16":"tag-europe","17":"tag-germany","18":"tag-news","19":"tag-republique-federale-dallemagne"},"share_on_mastodon":{"url":"https:\/\/pubeurope.com\/@fr\/115416957363600729","error":""},"_links":{"self":[{"href":"https:\/\/www.europesays.com\/fr\/wp-json\/wp\/v2\/posts\/481580","targetHints":{"allow":["GET"]}}],"collection":[{"href":"https:\/\/www.europesays.com\/fr\/wp-json\/wp\/v2\/posts"}],"about":[{"href":"https:\/\/www.europesays.com\/fr\/wp-json\/wp\/v2\/types\/post"}],"author":[{"embeddable":true,"href":"https:\/\/www.europesays.com\/fr\/wp-json\/wp\/v2\/users\/2"}],"replies":[{"embeddable":true,"href":"https:\/\/www.europesays.com\/fr\/wp-json\/wp\/v2\/comments?post=481580"}],"version-history":[{"count":0,"href":"https:\/\/www.europesays.com\/fr\/wp-json\/wp\/v2\/posts\/481580\/revisions"}],"wp:featuredmedia":[{"embeddable":true,"href":"https:\/\/www.europesays.com\/fr\/wp-json\/wp\/v2\/media\/481581"}],"wp:attachment":[{"href":"https:\/\/www.europesays.com\/fr\/wp-json\/wp\/v2\/media?parent=481580"}],"wp:term":[{"taxonomy":"category","embeddable":true,"href":"https:\/\/www.europesays.com\/fr\/wp-json\/wp\/v2\/categories?post=481580"},{"taxonomy":"post_tag","embeddable":true,"href":"https:\/\/www.europesays.com\/fr\/wp-json\/wp\/v2\/tags?post=481580"}],"curies":[{"name":"wp","href":"https:\/\/api.w.org\/{rel}","templated":true}]}}