{"id":481582,"date":"2025-10-22T08:49:17","date_gmt":"2025-10-22T08:49:17","guid":{"rendered":"https:\/\/www.europesays.com\/fr\/481582\/"},"modified":"2025-10-22T08:49:17","modified_gmt":"2025-10-22T08:49:17","slug":"infographie-10-chiffres-cles-sur-les-fonds-de-la-politique-de-cohesion-en-france","status":"publish","type":"post","link":"https:\/\/www.europesays.com\/fr\/481582\/","title":{"rendered":"[Infographie] 10 chiffres cl\u00e9s sur les fonds de la politique de coh\u00e9sion en France"},"content":{"rendered":"<p>\t[Infographie] 10 chiffres cl\u00e9s sur les fonds de la politique de coh\u00e9sion en France &#8211; Touteleurope.eu<\/p>\n<p>\t\t<img decoding=\"async\" alt=\"fermer\" class=\"close-info\" src=\"https:\/\/www.touteleurope.eu\/wp-content\/themes\/toute_leurope\/assets\/images\/close-picto-blue.svg\"\/><\/p>\n<p>Touteleurope.eu est le site p\u00e9dagogique de r\u00e9f\u00e9rence sur les questions europ\u00e9ennes : <a href=\"https:\/\/www.touteleurope.eu\/qui-sommes-nous\/\" target=\"_blank\" rel=\"noopener\">Qui sommes-nous ?<\/a><\/p>\n<p><img decoding=\"async\" class=\"logo-pdf\" alt=\"Toute L'Europe \u2013 Comprendre l'Europe\" src=\"data:image\/svg+xml,%3Csvg%20xmlns=\" http:=\"\" data-lazy-src=\"https:\/\/www.touteleurope.eu\/wp-content\/themes\/toute_leurope\/assets\/images\/logo-ttl.svg\"\/><\/p>\n","protected":false},"excerpt":{"rendered":"[Infographie] 10 chiffres cl\u00e9s sur les fonds de la politique de coh\u00e9sion en France &#8211; Touteleurope.eu Touteleurope.eu est&hellip;\n","protected":false},"author":2,"featured_media":481583,"comment_status":"","ping_status":"","sticky":false,"template":"","format":"standard","meta":{"footnotes":""},"categories":[1586],"tags":[11,1777,674,4165,51594,35506,51595,30167,31226,1011,27,51596,12,1306,25],"class_list":{"0":"post-481582","1":"post","2":"type-post","3":"status-publish","4":"format-standard","5":"has-post-thumbnail","7":"category-europe","8":"tag-actualites","9":"tag-eu","10":"tag-europe","11":"tag-fonds-de-cohesion","12":"tag-fonds-europeen-agricole-pour-le-developpement-rural-feader","13":"tag-fonds-europeen-de-developpement-regional-feder","14":"tag-fonds-europeen-pour-les-affaires-maritimes","15":"tag-fonds-europeens","16":"tag-fonds-social-europeen","17":"tag-fr","18":"tag-france","19":"tag-la-peche-et-laquaculture-feampa","20":"tag-news","21":"tag-regions","22":"tag-republique-francaise"},"share_on_mastodon":{"url":"https:\/\/pubeurope.com\/@fr\/115416961819522704","error":""},"_links":{"self":[{"href":"https:\/\/www.europesays.com\/fr\/wp-json\/wp\/v2\/posts\/481582","targetHints":{"allow":["GET"]}}],"collection":[{"href":"https:\/\/www.europesays.com\/fr\/wp-json\/wp\/v2\/posts"}],"about":[{"href":"https:\/\/www.europesays.com\/fr\/wp-json\/wp\/v2\/types\/post"}],"author":[{"embeddable":true,"href":"https:\/\/www.europesays.com\/fr\/wp-json\/wp\/v2\/users\/2"}],"replies":[{"embeddable":true,"href":"https:\/\/www.europesays.com\/fr\/wp-json\/wp\/v2\/comments?post=481582"}],"version-history":[{"count":0,"href":"https:\/\/www.europesays.com\/fr\/wp-json\/wp\/v2\/posts\/481582\/revisions"}],"wp:featuredmedia":[{"embeddable":true,"href":"https:\/\/www.europesays.com\/fr\/wp-json\/wp\/v2\/media\/481583"}],"wp:attachment":[{"href":"https:\/\/www.europesays.com\/fr\/wp-json\/wp\/v2\/media?parent=481582"}],"wp:term":[{"taxonomy":"category","embeddable":true,"href":"https:\/\/www.europesays.com\/fr\/wp-json\/wp\/v2\/categories?post=481582"},{"taxonomy":"post_tag","embeddable":true,"href":"https:\/\/www.europesays.com\/fr\/wp-json\/wp\/v2\/tags?post=481582"}],"curies":[{"name":"wp","href":"https:\/\/api.w.org\/{rel}","templated":true}]}}