{"id":481588,"date":"2025-10-22T08:52:19","date_gmt":"2025-10-22T08:52:19","guid":{"rendered":"https:\/\/www.europesays.com\/fr\/481588\/"},"modified":"2025-10-22T08:52:19","modified_gmt":"2025-10-22T08:52:19","slug":"7-departements-en-vigilance-orange-vent-et-vagues-submersion-jeudi-23-octobre","status":"publish","type":"post","link":"https:\/\/www.europesays.com\/fr\/481588\/","title":{"rendered":"7 d\u00e9partements en vigilance orange vent et vagues-submersion jeudi 23 octobre"},"content":{"rendered":"<p class=\"article-p mdl\">La temp\u00eate \u00ab\u00a0Benjamin\u00a0\u00bb s&rsquo;approche de l&rsquo;Hexagone. Elle devrait atteindre la Manche au cours de la nuit de mercredi 22 octobre \u00e0 jeudi 23 octobre et \u00ab\u00a0g\u00e9n\u00e9rer de fortes rafales\u00a0\u00bb,\u00a0<a class=\"link\" href=\"https:\/\/vigilance.meteofrance.fr\/fr\" target=\"_blank\" rel=\"nofollow noopener\">selon M\u00e9t\u00e9o-France<\/a>.\u00a0<br \/>La Vend\u00e9e (85), la Charente-Maritime (17), la Gironde (33), les Landes (40), les Pyr\u00e9n\u00e9es-Atlantiques (64) et la Manche (50) seront plac\u00e9s en vigilance orange pour vents violents ce jeudi 23 octobre. D&rsquo;apr\u00e8s<a class=\"link\" href=\"https:\/\/www.rtl.fr\/actu\/meteo\/meteo-comment-est-calcule-l-indice-de-confiance-estimant-la-fiabilite-des-previsions-france-soleil-pluie-7900482107\" title=\"M\u00e9t\u00e9o : comment est calcul\u00e9 l&#039;indice de confiance, estimant la fiabilit\u00e9 des pr\u00e9visions ?\" rel=\"nofollow noopener\" target=\"_blank\"> les pr\u00e9visions de M\u00e9t\u00e9o-France<\/a>, les rafales pourraient atteindre jusqu&rsquo;\u00e0 110 km\/h \u00e0 Cherbourg et 120 km\/h \u00e0 Biarritz et La Rochelle.\u00a0<\/p>\n<p class=\"article-p mdl\">Par ailleurs, la Gironde, les Landes et les Pyr\u00e9n\u00e9es-Atlantiques seront \u00e9galement en vigilance orange pour vagues-submersion, affectant la c\u00f4te atlantique et le bassin d&rsquo;Arcachon. La Seine-Maritime (76) rejoindra \u00e9galement cette vigilance pour vagues-submersion.<\/p>\n<p class=\"article-p mdl\">En raison de ces fortes rafales, des coupures d&rsquo;\u00e9lectricit\u00e9, des d\u00e9g\u00e2ts mat\u00e9riels et des perturbations routi\u00e8res sont \u00e0 craindre. Les autorit\u00e9s conseillent de prot\u00e9ger les biens, de limiter les d\u00e9placements et les travaux ext\u00e9rieurs et \u00e9lectriques.\u00a0<\/p>\n<p class=\"article-p mdl\">La temp\u00eate Benjamin entra\u00eenera de fortes vagues et une \u00e9l\u00e9vation temporaire du niveau de la mer qui peut provoquer des envahissements c\u00f4tiers. Les circulations routi\u00e8re et ferroviaire pr\u00e8s du littoral pourraient \u00eatre perturb\u00e9es, et des d\u00e9g\u00e2ts sur les habitats l\u00e9gers sont \u00e0 craindre. Les conseils de pr\u00e9vention incluent : \u00e9viter la mer, s&rsquo;\u00e9loigner des c\u00f4tes, rester inform\u00e9, surveiller la mont\u00e9e des eaux, prot\u00e9ger les biens et se r\u00e9fugier en hauteur si n\u00e9cessaire.<\/p>\n<p>    La r\u00e9daction vous recommande<\/p>\n<p class=\"s-newsletter__title\">\n                L\u2019actualit\u00e9 par la r\u00e9daction de RTL dans votre bo\u00eete mail.\n            <\/p>\n<p class=\"s-newsletter__subtitle\">\n                Gr\u00e2ce \u00e0 votre compte RTL abonnez-vous \u00e0 la newsletter RTL info pour suivre toute l&rsquo;actualit\u00e9 au quotidien\n            <\/p>\n<p>\n                                    Lire la suite\n                                <\/p>\n","protected":false},"excerpt":{"rendered":"La temp\u00eate \u00ab\u00a0Benjamin\u00a0\u00bb s&rsquo;approche de l&rsquo;Hexagone. Elle devrait atteindre la Manche au cours de la nuit de mercredi&hellip;\n","protected":false},"author":2,"featured_media":481589,"comment_status":"","ping_status":"","sticky":false,"template":"","format":"standard","meta":{"footnotes":""},"categories":[2],"tags":[11,107,1011,27,2487,12,25,7747,27202],"class_list":{"0":"post-481588","1":"post","2":"type-post","3":"status-publish","4":"format-standard","5":"has-post-thumbnail","7":"category-actualites","8":"tag-actualites","9":"tag-fil-info","10":"tag-fr","11":"tag-france","12":"tag-meteo","13":"tag-news","14":"tag-republique-francaise","15":"tag-tempete","16":"tag-vigilance-orange"},"share_on_mastodon":{"url":"https:\/\/pubeurope.com\/@fr\/115416972912089067","error":""},"_links":{"self":[{"href":"https:\/\/www.europesays.com\/fr\/wp-json\/wp\/v2\/posts\/481588","targetHints":{"allow":["GET"]}}],"collection":[{"href":"https:\/\/www.europesays.com\/fr\/wp-json\/wp\/v2\/posts"}],"about":[{"href":"https:\/\/www.europesays.com\/fr\/wp-json\/wp\/v2\/types\/post"}],"author":[{"embeddable":true,"href":"https:\/\/www.europesays.com\/fr\/wp-json\/wp\/v2\/users\/2"}],"replies":[{"embeddable":true,"href":"https:\/\/www.europesays.com\/fr\/wp-json\/wp\/v2\/comments?post=481588"}],"version-history":[{"count":0,"href":"https:\/\/www.europesays.com\/fr\/wp-json\/wp\/v2\/posts\/481588\/revisions"}],"wp:featuredmedia":[{"embeddable":true,"href":"https:\/\/www.europesays.com\/fr\/wp-json\/wp\/v2\/media\/481589"}],"wp:attachment":[{"href":"https:\/\/www.europesays.com\/fr\/wp-json\/wp\/v2\/media?parent=481588"}],"wp:term":[{"taxonomy":"category","embeddable":true,"href":"https:\/\/www.europesays.com\/fr\/wp-json\/wp\/v2\/categories?post=481588"},{"taxonomy":"post_tag","embeddable":true,"href":"https:\/\/www.europesays.com\/fr\/wp-json\/wp\/v2\/tags?post=481588"}],"curies":[{"name":"wp","href":"https:\/\/api.w.org\/{rel}","templated":true}]}}