{"id":481598,"date":"2025-10-22T08:58:17","date_gmt":"2025-10-22T08:58:17","guid":{"rendered":"https:\/\/www.europesays.com\/fr\/481598\/"},"modified":"2025-10-22T08:58:17","modified_gmt":"2025-10-22T08:58:17","slug":"atp-est-ce-que-stan-wawrinka-avait-autant-de-talent-que-richard-gasquet-gael-monfils-et-jo-tsonga-je-ne-crois-pas-je-pense-juste-quil-faut-etre-habite-par-le-tennis-estime-guillaume-pey","status":"publish","type":"post","link":"https:\/\/www.europesays.com\/fr\/481598\/","title":{"rendered":"ATP > \u00ab\u00a0Est-ce que Stan Wawrinka avait autant de talent que Richard Gasquet, Ga\u00ebl Monfils et Jo Tsonga\u00a0? Je ne crois pas. Je pense juste qu&rsquo;il faut \u00eatre habit\u00e9 par le tennis\u00a0\u00bb, estime Guillaume Peyre, coach de Terence Atmane"},"content":{"rendered":"<p>Le hasard fait bien les choses.\u00a0<\/p>\n<p>Au moment o\u00f9 <a href=\"https:\/\/www.welovetennis.fr\/atp\/tsonga-si-alcaraz-est-plus-fort-que-federer-nadal-et-djokovic-on-ne-sait-pas-trop-mais-jaurais-aime-le-voir-gagner-roland-garros-en-battant-del-potro-au-3e-tour-murray-en-huitiemes-novak-en\" data-wpel-link=\"internal\" rel=\"nofollow noopener\" target=\"_blank\">Jo\u2010Wilfried Tsonga a \u00e9mis une th\u00e9orie un peu bancale concer\u00adnant le niveau de Sinner et Alcaraz<\/a>, nous avions inter\u00adrog\u00e9 Guillaume Peyre, le coach de Terence Atmane, \u00e0 l\u2019oc\u00adca\u00adsion de dernier num\u00e9ro de notre maga\u00adzine papier de fin d\u2019ann\u00e9e.<\/p>\n<p>Bien s\u00fbr, nous avions abord\u00e9 le sujet \u00e9pineux, celui d\u2019un Fran\u00e7ais capable de gagner un tournoi du Grand Chelem.<\/p>\n<p><strong>Certains de nos cham\u00adpions ont notam\u00adment \u00e9voqu\u00e9 le fait qu\u2019ils sont arriv\u00e9s \u00e0 une mauvaise p\u00e9riode avec la pr\u00e9sence de Roger Federer, Rafael Nadal, Novak Djokovic, Andy Murray, etc.<\/strong><br \/>Je ne suis pas vrai\u00adment d\u2019accord avec cela et je pose la ques\u00adtion concer\u00adnant Stan Wawrinka. Est\u2010ce que Stan avait autant de talent qu\u2019un Richard [Gasquet], un Ga\u00ebl [Monfils], un Jo [Tsonga]\u00a0? Je ne crois pas. Je pense juste qu\u2019il faut \u00eatre habit\u00e9 par le tennis. J\u2019ai v\u00e9rifi\u00e9 cela avec Marcos (Baghdatis) en finale de l\u2019Open d\u2019Australie. Marcos m\u00e8ne d\u2019un set et un break contre Federer et j\u2019ai tout de suite senti qu\u2019il n\u2019y croyait pas suffi\u00adsam\u00adment. Au final, il perd en quatre manches. Dans le vestiaire, il m\u2019avoue qu\u2019il a manqu\u00e9 de hargne, de volont\u00e9. C\u2019est cela qui a toujours manqu\u00e9 \u00e0 nos cham\u00adpions, cette croyance qui efface vos limites et vos doutes<\/p>\n<p class=\"post-published-date\" style=\"color: silver; font-size: 75%; text-align: left;\">Publi\u00e9 le mardi 21 octobre 2025 \u00e0 12:49<\/p>\n","protected":false},"excerpt":{"rendered":"Le hasard fait bien les choses.\u00a0 Au moment o\u00f9 Jo\u2010Wilfried Tsonga a \u00e9mis une th\u00e9orie un peu bancale&hellip;\n","protected":false},"author":2,"featured_media":481599,"comment_status":"","ping_status":"","sticky":false,"template":"","format":"standard","meta":{"footnotes":""},"categories":[1415],"tags":[1744,4737,105,2199,1011,27,1753,3770,1960,2127,60,1754,1467,14828],"class_list":{"0":"post-481598","1":"post","2":"type-post","3":"status-publish","4":"format-standard","5":"has-post-thumbnail","7":"category-tennis","8":"tag-alcaraz","9":"tag-andy-murray","10":"tag-djokovic","11":"tag-federer","12":"tag-fr","13":"tag-france","14":"tag-gasquet","15":"tag-monfils","16":"tag-nadal","17":"tag-sinner","18":"tag-sports","19":"tag-stan-wawrinka","20":"tag-tennis","21":"tag-tsonga"},"share_on_mastodon":{"url":"https:\/\/pubeurope.com\/@fr\/115416996465157001","error":""},"_links":{"self":[{"href":"https:\/\/www.europesays.com\/fr\/wp-json\/wp\/v2\/posts\/481598","targetHints":{"allow":["GET"]}}],"collection":[{"href":"https:\/\/www.europesays.com\/fr\/wp-json\/wp\/v2\/posts"}],"about":[{"href":"https:\/\/www.europesays.com\/fr\/wp-json\/wp\/v2\/types\/post"}],"author":[{"embeddable":true,"href":"https:\/\/www.europesays.com\/fr\/wp-json\/wp\/v2\/users\/2"}],"replies":[{"embeddable":true,"href":"https:\/\/www.europesays.com\/fr\/wp-json\/wp\/v2\/comments?post=481598"}],"version-history":[{"count":0,"href":"https:\/\/www.europesays.com\/fr\/wp-json\/wp\/v2\/posts\/481598\/revisions"}],"wp:featuredmedia":[{"embeddable":true,"href":"https:\/\/www.europesays.com\/fr\/wp-json\/wp\/v2\/media\/481599"}],"wp:attachment":[{"href":"https:\/\/www.europesays.com\/fr\/wp-json\/wp\/v2\/media?parent=481598"}],"wp:term":[{"taxonomy":"category","embeddable":true,"href":"https:\/\/www.europesays.com\/fr\/wp-json\/wp\/v2\/categories?post=481598"},{"taxonomy":"post_tag","embeddable":true,"href":"https:\/\/www.europesays.com\/fr\/wp-json\/wp\/v2\/tags?post=481598"}],"curies":[{"name":"wp","href":"https:\/\/api.w.org\/{rel}","templated":true}]}}