{"id":481612,"date":"2025-10-22T09:06:12","date_gmt":"2025-10-22T09:06:12","guid":{"rendered":"https:\/\/www.europesays.com\/fr\/481612\/"},"modified":"2025-10-22T09:06:12","modified_gmt":"2025-10-22T09:06:12","slug":"la-zone-une-nouvelle-librairie-a-paris","status":"publish","type":"post","link":"https:\/\/www.europesays.com\/fr\/481612\/","title":{"rendered":"La Zone, une nouvelle librairie \u00e0 Paris"},"content":{"rendered":"<p>Une nouvelle librairie dans la capitale. Apr\u00e8s avoir longtemps travaill\u00e9 dans d\u2019autres enseignes, <strong>Mehdi Arhab Baltasar<\/strong>, libraire de formation, donne enfin naissance \u00e0 son propre projet. Baptis\u00e9e La Zone, la nouvelle boutique ouvrira ses portes\u00a0d\u00e9but novembre dans le XIV\u1d49 arrondissement de Paris.<\/p>\n<p>Form\u00e9 il y a pr\u00e8s de huit ans \u00e0 l\u2019Institut national de formation des librairies (aujourd\u2019hui l\u2019\u00c9cole de la librairie \u00e0 Maisons-Alfort), Medhi Arhab Baltasar a fait ses armes dans un espace culturel E. Leclerc au Blanc-Mesnil, puis au sein d\u2019un magasin Gibert, avant de devenir repr\u00e9sentant pour les \u00e9ditions Sedrap. Il a ensuite rejoint La Malle aux histoires \u00e0 Pantin, o\u00f9 s&rsquo;est confirm\u00e9 sa vocation. En 2023, il a particip\u00e9 \u00e0 l\u2019ouverture de la librairie Hello, dans le XIX\u1d49 arrondissement de la capitale.<\/p>\n<p>\u00ab\u00a0Apr\u00e8s cette aventure, j\u2019ai eu besoin de faire une pause durant laquelle j\u2019ai \u00e9norm\u00e9ment lu, mais, cette fois, sans \u00eatre assailli par les injonctions de la rentr\u00e9e litt\u00e9raire\u00a0\u00bb, raconte le natif d\u2019Aubervilliers. Ce temps de recul, long de huit mois, d\u00e9bouche sur une \u00e9vidence\u00a0: ouvrir sa propre enseigne. \u00ab\u00a0Un matin de f\u00e9vrier\u00a02025, j\u2019ai d\u00e9cid\u00e9 d\u2019ouvrir ma librairie. J\u2019ai donc appel\u00e9 ma meilleure amie, <strong>Maryame Arjdal<\/strong>, avec qui on \u00e9changeait des bouquins quand on \u00e9tait ados, pour qu\u2019on s\u2019associe sur ce projet\u00a0\u00bb, poursuit-il.<\/p>\n<p>Un local de 43 m\u00b2 rue Didot<\/p>\n<p>Pendant plus d&rsquo;un an, le libraire banlieusard a donc multipli\u00e9 les \u00e9changes, saisissant toutes les opportunit\u00e9s\u00a0: un appel d\u2019offres \u00e0 Chilly-Mazarin dans l&rsquo;Essonne, une librairie anglophone dans le VIe, l\u2019ancienne enseigne des PUF dans le VIe. Des pistes infructueuses, mais qui ne sont jamais venues \u00e0 bout de la d\u00e9termination de Mehdi Arhab Baltasar, peu enclin \u00e0 baisser les bras.<\/p>\n<p>          Install\u00e9 dans le XIVe arrondissement de Paris, le local de la nouvelle librairie poss\u00e8de une surface de 43 m\u00b2- Photo LA ZONE<\/p>\n<p>Pour t\u00e9l\u00e9charger ce document, vous devez d&rsquo;abord acheter l&rsquo;article correspondant.<\/p>\n<p>\u00ab\u00a0Quand j\u2019\u00e9tais petit, j\u2019avais des difficult\u00e9s pour lire. Je venais de la banlieue, j\u2019ai redoubl\u00e9 mon CE1 et j\u2019ai vraiment d\u00e9couvert les livres en allant \u00e0 la biblioth\u00e8que d\u2019Aubervilliers. C\u2019est l\u00e0 que j\u2019ai commenc\u00e9 \u00e0 aimer \u00e0 lire, que le livre est devenu un compagnon\u00a0\u00bb, se souvient ce dernier. Pas question, donc, de renoncer. Quelque temps plus tard, le duo finit par mettre la main sur un local de 43 m\u00b2. Une ancienne cave \u00e0 vin situ\u00e9e rue Didot, dans le XIVe arrondissement de la capitale, et enti\u00e8rement r\u00e9nov\u00e9 par Paris Commerces.<\/p>\n<p>\u00ab\u00a0Tous les refus nous ont conduits \u00e0 ce local dont nous sommes tr\u00e8s contents\u00a0\u00bb<\/p>\n<p>\u00a0\u00ab On est arriv\u00e9 au bon moment\u00a0: tout \u00e9tait refait, il ne nous restait plus qu\u2019\u00e0 am\u00e9nager et poser le sol\u00a0\u00bb, explique le libraire qui a financ\u00e9 le projet gr\u00e2ce \u00e0 ses fonds propres, compl\u00e9t\u00e9s par un pr\u00eat bancaire, et qui savoure d\u00e9sormais pleinement son installation. \u00ab\u00a0Finalement, je crois que tous les refus nous ont conduits \u00e0 ce local dont nous sommes tr\u00e8s contents\u00a0\u00bb, se r\u00e9jouit-il.<\/p>\n<p>Le nom de la librairie, La Zone, s\u2019est quant \u00e0 lui impos\u00e9 comme une \u00e9vidence\u00a0: un nom court, urbain et symbolique pour une librairie qui entend r\u00e9concilier les marges et le centre, prouvant que la lecture n\u2019a aucune fronti\u00e8re. \u00ab\u00a0On vient tous les deux d\u2019Aubervilliers. Le mot \u201czone\u201d est souvent p\u00e9joratif, mais j\u2019ai toujours refus\u00e9 cette marginalisation. Je viens de la zone, et je viens dans la capitale avec mes bagages de l\u00e0-bas\u00a0\u00bb, revendique Mehdi Arhab Baltasar.<\/p>\n<p>Ainsi, La Zone ne se veut pas seulement un lieu de vente, mais aussi un espace d\u2019\u00e9changes autour des livres. Le libraire pr\u00e9voit de lancer un club de lecture, \u00ab\u00a0Les Zonards\u00a0\u00bb, ouvert aux adultes, peut-\u00eatre aux jeunes lecteurs aussi, et d\u2019organiser des rencontres \u00e0 raison d\u2019un \u00e9v\u00e9nement par mois. <strong>\u00ab\u00a0<\/strong>L\u2019id\u00e9e, c\u2019est de discuter des livres, mais aussi d\u2019inviter des \u00e9diteurs ou directeurs de collection pour pr\u00e9senter leurs catalogues\u00a0\u00bb, explique-t-il. Le duo souhaite \u00e9galement participer \u00e0 des salons\u00a0: \u00ab\u00a0\u00c7a fait un an qu\u2019on travaille de mani\u00e8re assez isol\u00e9e, on a besoin de rencontrer des gens\u00a0!\u00a0\u00bb, explique Mehdi Arhab Baltasar.<\/p>\n<p>\u00ab\u00a0Ne pas oublier d\u2019o\u00f9 l\u2019on vient\u00a0\u00bb<\/p>\n<p>C\u00f4t\u00e9 contenu, la librairie se veut \u00e9volutive, en fonction des besoins des habitants du quartier. \u00ab\u00a0Ce sont eux qui vont d\u00e9finir notre ligne \u00e9ditoriale\u00a0\u00bb, argue le libraire, tout en posant les premiers jalons d\u2019une identit\u00e9 tourn\u00e9e vers l\u2019\u00e9cologie, les sciences humaines et sociales, et vers une offre jeunesse solide. \u00ab\u00a0On est pr\u00eats \u00e0 \u00eatre g\u00e9n\u00e9ralistes, tr\u00e8s famille, mais avec quelques petits \u00e9diteurs, pour ne pas oublier d\u2019o\u00f9 l\u2019on vient\u00a0\u00bb, ajoute-t-il. \u00c0 terme, pr\u00e8s de 6\u00a0000 r\u00e9f\u00e9rences viendront garnir les \u00e9tag\u00e8res de La Zone. En attendant les derni\u00e8res livraisons, l\u2019ouverture se fera avec une offre appel\u00e9e \u00e0 s\u2019\u00e9toffer semaine apr\u00e8s semaine.<\/p>\n","protected":false},"excerpt":{"rendered":"Une nouvelle librairie dans la capitale. Apr\u00e8s avoir longtemps travaill\u00e9 dans d\u2019autres enseignes, Mehdi Arhab Baltasar, libraire de&hellip;\n","protected":false},"author":2,"featured_media":481613,"comment_status":"","ping_status":"","sticky":false,"template":"","format":"standard","meta":{"footnotes":""},"categories":[1357],"tags":[1379,58,59,1011,27,1380],"class_list":{"0":"post-481612","1":"post","2":"type-post","3":"status-publish","4":"format-standard","5":"has-post-thumbnail","7":"category-livres","8":"tag-books","9":"tag-divertissement","10":"tag-entertainment","11":"tag-fr","12":"tag-france","13":"tag-livres"},"share_on_mastodon":{"url":"https:\/\/pubeurope.com\/@fr\/115417028116012394","error":""},"_links":{"self":[{"href":"https:\/\/www.europesays.com\/fr\/wp-json\/wp\/v2\/posts\/481612","targetHints":{"allow":["GET"]}}],"collection":[{"href":"https:\/\/www.europesays.com\/fr\/wp-json\/wp\/v2\/posts"}],"about":[{"href":"https:\/\/www.europesays.com\/fr\/wp-json\/wp\/v2\/types\/post"}],"author":[{"embeddable":true,"href":"https:\/\/www.europesays.com\/fr\/wp-json\/wp\/v2\/users\/2"}],"replies":[{"embeddable":true,"href":"https:\/\/www.europesays.com\/fr\/wp-json\/wp\/v2\/comments?post=481612"}],"version-history":[{"count":0,"href":"https:\/\/www.europesays.com\/fr\/wp-json\/wp\/v2\/posts\/481612\/revisions"}],"wp:featuredmedia":[{"embeddable":true,"href":"https:\/\/www.europesays.com\/fr\/wp-json\/wp\/v2\/media\/481613"}],"wp:attachment":[{"href":"https:\/\/www.europesays.com\/fr\/wp-json\/wp\/v2\/media?parent=481612"}],"wp:term":[{"taxonomy":"category","embeddable":true,"href":"https:\/\/www.europesays.com\/fr\/wp-json\/wp\/v2\/categories?post=481612"},{"taxonomy":"post_tag","embeddable":true,"href":"https:\/\/www.europesays.com\/fr\/wp-json\/wp\/v2\/tags?post=481612"}],"curies":[{"name":"wp","href":"https:\/\/api.w.org\/{rel}","templated":true}]}}