{"id":481616,"date":"2025-10-22T09:08:15","date_gmt":"2025-10-22T09:08:15","guid":{"rendered":"https:\/\/www.europesays.com\/fr\/481616\/"},"modified":"2025-10-22T09:08:15","modified_gmt":"2025-10-22T09:08:15","slug":"les-fans-defendent-taehyung-de-bts-apres-son-geste-amical-avec-bada-lee","status":"publish","type":"post","link":"https:\/\/www.europesays.com\/fr\/481616\/","title":{"rendered":"Les fans d\u00e9fendent Taehyung de BTS apr\u00e8s son geste amical avec Bada Lee"},"content":{"rendered":"<p>Le 15 octobre 2025, Kim Taehyung (V) de BTS a assist\u00e9 au gala caritatif \u00ab\u202fLove Your W\u202f\u00bb organis\u00e9 par W Korea pour sensibiliser au cancer du sein. Il \u00e9tait accompagn\u00e9 de ses camarades RM et j-hope au Four Seasons Hotel de S\u00e9oul, \u00e0 l\u2019occasion du 20\u1d49 anniversaire de l\u2019\u00e9v\u00e9nement.<\/p>\n<p>Le gala a r\u00e9uni plus de 40 c\u00e9l\u00e9brit\u00e9s sud-cor\u00e9ennes, dont Bang Chan et Seungmin de Stray Kids, aespa, LE SSERAFIM, IVE, ainsi que les acteurs Lee Min-ho et Byeon Woo-seok.<\/p>\n<p>Une courte vid\u00e9o a rapidement circul\u00e9 sur les r\u00e9seaux sociaux. On y voit Taehyung profiter du gala avec sa longue amie et chor\u00e9graphe Bada Lee : ils dansent ensemble et prennent des selfies, et Taehyung pose bri\u00e8vement sa main sur son \u00e9paule.<\/p>\n<p><img loading=\"lazy\" decoding=\"async\" width=\"1080\" height=\"1920\" src=\"https:\/\/www.europesays.com\/fr\/wp-content\/uploads\/2025\/10\/Les-fans-defendent-Taehyung-1.jpeg\" alt=\"Les fans d\u00e9fendent Taehyung de BTS apr\u00e8s son geste amical avec Bada Lee\" class=\"wp-image-275267 lazyload\" title=\"Les fans d\u00e9fendent Taehyung de BTS apr\u00e8s son geste amical avec Bada Lee\"  \/><\/p>\n<p>Certaines personnes ont jug\u00e9 ce geste \u00ab\u202finconfortable\u202f\u00bb, ce qui a provoqu\u00e9 une r\u00e9action imm\u00e9diate des fans. Ces derniers ont rappel\u00e9 que Taehyung et Bada Lee sont amis depuis des ann\u00e9es et collaborent r\u00e9guli\u00e8rement, m\u00eame pendant son service militaire.<\/p>\n<ul class=\"wp-block-list\">\n<li>\u00ab\u202fCe sont litt\u00e9ralement des amis. Je sais que c\u2019est difficile pour certains de voir un homme et une femme simplement coexister. Arr\u00eatez d\u2019utiliser Tae pour g\u00e9n\u00e9rer de l\u2019engagement.\u202f\u00bb<\/li>\n<li>\u00ab\u202fCe sont des amis proches, ils tra\u00eenent ensemble car ils sont tous deux n\u00e9s en 1995. Quand les internautes cor\u00e9ens seront-ils normaux\u202f?\u202f\u00bb<\/li>\n<li>\u00ab\u202fIls sont litt\u00e9ralement amis et Bada Lee elle-m\u00eame a dit que Taehyung est un bon ami pour elle. O\u00f9 est le probl\u00e8me\u202f? Vous n\u2019avez jamais vu d\u2019amiti\u00e9 saine\u202f?\u202f\u00bb<\/li>\n<li>\u00ab\u202fLes gens peuvent \u00eatre f\u00e2ch\u00e9s contre Taehyung pour plein de raisons, mais s\u00e9rieusement, \u00eatre \u00e9nerv\u00e9 parce qu\u2019il fait un c\u00e2lin \u00e0 Bada Lee, son amie, c\u2019est absurde\u202f!\u202f\u00bb<\/li>\n<li>\u00ab\u202fIl suffit qu\u2019il s\u2019approche de quelqu\u2019un pour que les m\u00e9dias s\u2019emballent. Taehyung est un vrai gentleman qui respecte toutes les femmes. Son c\u00e2lin est rassurant, comme un cocon\u202f!\u202f\u00bb<\/li>\n<li>\u00ab\u202fIl est clair que c\u2019est un signe positif : toutes les femmes autour de lui semblent \u00e0 l\u2019aise et s\u2019amusent\u202f\u00bb<\/li>\n<li\/><\/ul>\n<p>Au-del\u00e0 de ce moment viral, le gala 2025 a \u00e9t\u00e9 l\u2019un des plus prestigieux de l\u2019ann\u00e9e. Taehyung portait une veste en velours bleu nuit JAYBAEK Couture avec broderies dor\u00e9es sur une chemise blanche \u00e0 volants et des bijoux Cartier \u00e9valu\u00e9s \u00e0 plus de 92\u202f000 \u20ac. RM avait opt\u00e9 pour un costume gris sign\u00e9 Bottega Veneta, assorti \u00e0 des lunettes de soleil aviateur et des b<\/p>\n<p>oucles d\u2019oreilles en diamant. De son c\u00f4t\u00e9, j-hope arborait une veste en tweed Louis Vuitton de la collection automne-hiver 2025, superpos\u00e9e \u00e0 un gilet beige \u00e0 motifs losange, un pantalon noir et une fine cha\u00eene dor\u00e9e pour parfaire son look.<\/p>\n<p><img loading=\"lazy\" decoding=\"async\" width=\"632\" height=\"1080\" src=\"https:\/\/www.europesays.com\/fr\/wp-content\/uploads\/2025\/10\/Les-fans-defendent-Taehyung-2.jpg\" alt=\"Les fans d\u00e9fendent Taehyung de BTS apr\u00e8s son geste amical avec Bada Lee\" class=\"wp-image-275268 lazyload\" style=\"width:754px;height:auto\" title=\"Les fans d\u00e9fendent Taehyung de BTS apr\u00e8s son geste amical avec Bada Lee\"\/><\/p>\n<p>L\u2019\u00e9v\u00e9nement a toutefois \u00e9t\u00e9 critiqu\u00e9 pour certaines s\u00e9quences o\u00f9 les invit\u00e9s dansaient et buvaient sous des lumi\u00e8res de club, jug\u00e9es inappropri\u00e9es pour une campagne de sensibilisation au cancer du sein.<\/p>\n<p>La pol\u00e9mique a \u00e9t\u00e9 accentu\u00e9e par la prestation du rappeur Jay Park avec sa chanson MOMMAE, consid\u00e9r\u00e9e comme \u00ab\u202fhors de propos\u202f\u00bb par de nombreux fans. W Korea a rapidement supprim\u00e9 la vid\u00e9o, et Jay Park s\u2019est excus\u00e9, expliquant qu\u2019il pensait qu\u2019il s\u2019agissait d\u2019une performance apr\u00e8s l\u2019\u00e9v\u00e9nement principal.<\/p>\n<p>Taehyung et les autres membres de BTS se pr\u00e9parent maintenant pour leur comeback pr\u00e9vu en 2026.<\/p>\n","protected":false},"excerpt":{"rendered":"Le 15 octobre 2025, Kim Taehyung (V) de BTS a assist\u00e9 au gala caritatif \u00ab\u202fLove Your W\u202f\u00bb organis\u00e9&hellip;\n","protected":false},"author":2,"featured_media":481617,"comment_status":"","ping_status":"","sticky":false,"template":"","format":"standard","meta":{"footnotes":""},"categories":[1355],"tags":[58,59,1011,27,1361,873],"class_list":{"0":"post-481616","1":"post","2":"type-post","3":"status-publish","4":"format-standard","5":"has-post-thumbnail","7":"category-musique","8":"tag-divertissement","9":"tag-entertainment","10":"tag-fr","11":"tag-france","12":"tag-music","13":"tag-musique"},"share_on_mastodon":{"url":"https:\/\/pubeurope.com\/@fr\/115417036550425450","error":""},"_links":{"self":[{"href":"https:\/\/www.europesays.com\/fr\/wp-json\/wp\/v2\/posts\/481616","targetHints":{"allow":["GET"]}}],"collection":[{"href":"https:\/\/www.europesays.com\/fr\/wp-json\/wp\/v2\/posts"}],"about":[{"href":"https:\/\/www.europesays.com\/fr\/wp-json\/wp\/v2\/types\/post"}],"author":[{"embeddable":true,"href":"https:\/\/www.europesays.com\/fr\/wp-json\/wp\/v2\/users\/2"}],"replies":[{"embeddable":true,"href":"https:\/\/www.europesays.com\/fr\/wp-json\/wp\/v2\/comments?post=481616"}],"version-history":[{"count":0,"href":"https:\/\/www.europesays.com\/fr\/wp-json\/wp\/v2\/posts\/481616\/revisions"}],"wp:featuredmedia":[{"embeddable":true,"href":"https:\/\/www.europesays.com\/fr\/wp-json\/wp\/v2\/media\/481617"}],"wp:attachment":[{"href":"https:\/\/www.europesays.com\/fr\/wp-json\/wp\/v2\/media?parent=481616"}],"wp:term":[{"taxonomy":"category","embeddable":true,"href":"https:\/\/www.europesays.com\/fr\/wp-json\/wp\/v2\/categories?post=481616"},{"taxonomy":"post_tag","embeddable":true,"href":"https:\/\/www.europesays.com\/fr\/wp-json\/wp\/v2\/tags?post=481616"}],"curies":[{"name":"wp","href":"https:\/\/api.w.org\/{rel}","templated":true}]}}