{"id":481618,"date":"2025-10-22T09:09:14","date_gmt":"2025-10-22T09:09:14","guid":{"rendered":"https:\/\/www.europesays.com\/fr\/481618\/"},"modified":"2025-10-22T09:09:14","modified_gmt":"2025-10-22T09:09:14","slug":"road-190-une-reflexion-sur-la-fin-de-vie-lobsession-securitaire-et-la-peur-de-lautre","status":"publish","type":"post","link":"https:\/\/www.europesays.com\/fr\/481618\/","title":{"rendered":"\u00ab\u00a0Road 190\u00a0\u00bb, une r\u00e9flexion sur la fin de vie, l&rsquo;obsession s\u00e9curitaire et la peur de l&rsquo;autre"},"content":{"rendered":"<p>Dans ce documentaire s\u00e9lectionn\u00e9 \u00e0 Visions du R\u00e9el, Charlotte Nastasi et Emilie Cornu filment la \u00ab\u00a0Road 190\u00a0\u00bb, une route de soixante kilom\u00e8tres reliant la prison de Livingston \u00e0 Huntsville, lieu o\u00f9 l&rsquo;injection l\u00e9tale est administr\u00e9e. Un regard sur le microcosme carc\u00e9ral et ses environs.<\/p>\n<p>Depuis sa cellule de la prison de Livingston au Texas, Mabry, un condamn\u00e9 \u00e0 mort, imagine le dernier trajet qui l\u2019am\u00e8nera un jour au lieu de son ex\u00e9cution. Outre cette terrible symbolique, les soixante kilom\u00e8tres qui composent la Route 190 sont aussi compos\u00e9s de magnifiques paysages, d&rsquo;une nature vibrante et de personnes qui y habitent et qui y travaillent. Toutes sont marqu\u00e9es par l&rsquo;omnipr\u00e9sence carc\u00e9rale.<\/p>\n<p>Contenu externe<\/p>\n<p> Ce contenu externe ne peut pas \u00eatre affich\u00e9 car il est susceptible de collecter des donn\u00e9es personnelles. Pour voir ce contenu vous devez autoriser la cat\u00e9gorie <strong>R\u00e9seaux sociaux<\/strong>. <\/p>\n<p> Accepter Plus d&rsquo;info <\/p>\n<p>    Une rencontre d\u00e9cisive<\/p>\n<p>Amies de longue date, la r\u00e9alisatrice Charlotte Nastasi et la criminologue Emilie Cornu se sont lanc\u00e9es dans un projet il y a cinq ans: celui de s&rsquo;int\u00e9resser aux \u00e9changes \u00e9pistolaires entre des femmes libres et des d\u00e9tenus, aux Etats-Unis. \u00ab\u00a0En parlant avec ces femmes, on s&rsquo;est rendu compte qu&rsquo;il nous manquait le point de vue des hommes incarc\u00e9r\u00e9s, ceux qui recevaient ces lettres\u00a0\u00bb, explique Charlotte Nastasi dans l&rsquo;\u00e9mission Vertigo du 15 octobre.<\/p>\n<p> <img decoding=\"async\" src=\"https:\/\/www.europesays.com\/fr\/wp-content\/uploads\/2025\/10\/cctggo-29035005.image\" alt=\"Sc\u00e8ne tir\u00e9e du documentaire &quot;Road 190&quot; d'Emilie Cornu et Charlotte Nastasi. [Outside the box]\" title=\"Sc\u00e8ne tir\u00e9e du documentaire &quot;Road 190&quot; d'Emilie Cornu et Charlotte Nastasi. [Outside the box]\" loading=\"lazy\"\/>  Sc\u00e8ne tir\u00e9e du documentaire \u00ab\u00a0Road 190\u00a0\u00bb d&rsquo;Emilie Cornu et Charlotte Nastasi. [Outside the box] <\/p>\n<p>\u00ab\u00a0On a donc choisi d&rsquo;\u00e9crire \u00e0 une prison du Texas, parce que le couloir de la mort c&rsquo;est l\u00e0 o\u00f9 les conditions sont les plus terribles. On a commenc\u00e9 \u00e0 parler avec trois d\u00e9tenus et l&rsquo;un d&rsquo;entre eux c&rsquo;\u00e9tait Mabry. Dans ses premi\u00e8res lettres, il nous parlait de son quotidien, de ses r\u00eaves, de l&rsquo;espoir qu&rsquo;il avait encore de sortir un jour de cette prison. Et il nous parle de la Route 190, de la signification de ce trajet, notamment pour lui qui est encore en train d&rsquo;attendre une date d&rsquo;ex\u00e9cution. Quand on a lu ces mots, on s&rsquo;est dit qu&rsquo;il y avait quelque chose \u00e0 faire et qu&rsquo;il fallait voir ce qui se passe au bord de cette route\u00a0\u00bb, poursuit la r\u00e9alisatrice.<\/p>\n<p>Un double regard<\/p>\n<p>Apr\u00e8s deux ans d&rsquo;\u00e9changes avec Mabry, les deux femmes partent pour le Texas et sa fameuse \u00ab\u00a0Road 190\u00a0\u00bb. Pendant trois ans, Charlotte Nastasi et Emilie Cornu rencontrent les habitants du coin et leur posent des questions. \u00ab\u00a0On a sillonn\u00e9 cette route en voiture et on s&rsquo;arr\u00eatait dans le bar du coin, chez le taxidermiste, acheter du poisson. On arrivait et on leur demandait: &lsquo;Qu&rsquo;est-ce que \u00e7a fait de vivre dans cet endroit o\u00f9 il y a le couloir de la mort et la chambre d&rsquo;ex\u00e9cution, mais aussi huit prisons autour de vous?&rsquo; Et en fait, la r\u00e9ponse \u00e9tait toujours un peu la m\u00eame. &lsquo;Cela ne fait rien du tout. On est habitu\u00e9 \u00e0 \u00e7a&rsquo;, explique Charlotte Nastasi. Et donc on s&rsquo;est dit qu&rsquo;en les filmant dans leur quotidien, dans leurs habitudes, on pourrait faire ressortir justement cette obsession \u00e0 la s\u00e9curit\u00e9, ce rapport \u00e0 la mort, cette peur de l&rsquo;autre\u00a0\u00bb.<\/p>\n<p> &gt;&gt; A \u00e9couter, l&rsquo;interview de Charlotte Nastasi et Emilie Cornu dans Vertigo\u00a0:    Les invit\u00e9es\u00a0: Charlotte Nastasi et Emilie Cornu \u00ab\u00a0Road 190\u00a0\u00bb \/ Vertigo \/ 18 min. \/ le 15 octobre 2025 <\/p>\n<p>Un regard, sans jugement, partag\u00e9 par Emilie Cornu. \u00ab\u00a0En tant que criminologue, j&rsquo;avais envie de raconter quelque chose par rapport \u00e0 \u00e7a, par rapport \u00e0 cette humanit\u00e9 que moi je vois chez les personnes en d\u00e9tention, mais qui leur est souvent \u00f4t\u00e9e pour les gens qui ne les voient pas. Donc, \u00e7a, c&rsquo;\u00e9tait ma motivation premi\u00e8re. Apr\u00e8s, j&rsquo;ai aussi la conviction qu&rsquo;il faut abolir la peine de mort, alors en faisant ce projet, \u00e7a me donnait l&rsquo;impression de pouvoir apporter ma pierre \u00e0 l&rsquo;\u00e9difice de l&rsquo;id\u00e9e abolitionniste\u00a0\u00bb.<\/p>\n<p class=\"sources\">Des propos recueillis par Anne Laure Gannac<\/p>\n<p class=\"credit\">Adaptation web: Sarah Cl\u00e9ment<\/p>\n<p class=\"article-footnote\">\u00ab\u00a0Road 190\u00a0\u00bb, de Charlotte Nastasi et Emilie Cornu. A voir dans les salles romandes depuis le 15 octobre 2025.<\/p>\n","protected":false},"excerpt":{"rendered":"Dans ce documentaire s\u00e9lectionn\u00e9 \u00e0 Visions du R\u00e9el, Charlotte Nastasi et Emilie Cornu filment la \u00ab\u00a0Road 190\u00a0\u00bb, une&hellip;\n","protected":false},"author":2,"featured_media":481619,"comment_status":"","ping_status":"","sticky":false,"template":"","format":"standard","meta":{"footnotes":""},"categories":[1354],"tags":[650,2951,3983,58,8616,59,6189,32157,1346,1011,27,1360,806],"class_list":{"0":"post-481618","1":"post","2":"type-post","3":"status-publish","4":"format-standard","5":"has-post-thumbnail","7":"category-films","8":"tag-cinema","9":"tag-criminalite","10":"tag-deces","11":"tag-divertissement","12":"tag-droit-et-justice","13":"tag-entertainment","14":"tag-execution","15":"tag-film-documentaire","16":"tag-films","17":"tag-fr","18":"tag-france","19":"tag-movies","20":"tag-prison"},"share_on_mastodon":{"url":"https:\/\/pubeurope.com\/@fr\/115417039965696398","error":""},"_links":{"self":[{"href":"https:\/\/www.europesays.com\/fr\/wp-json\/wp\/v2\/posts\/481618","targetHints":{"allow":["GET"]}}],"collection":[{"href":"https:\/\/www.europesays.com\/fr\/wp-json\/wp\/v2\/posts"}],"about":[{"href":"https:\/\/www.europesays.com\/fr\/wp-json\/wp\/v2\/types\/post"}],"author":[{"embeddable":true,"href":"https:\/\/www.europesays.com\/fr\/wp-json\/wp\/v2\/users\/2"}],"replies":[{"embeddable":true,"href":"https:\/\/www.europesays.com\/fr\/wp-json\/wp\/v2\/comments?post=481618"}],"version-history":[{"count":0,"href":"https:\/\/www.europesays.com\/fr\/wp-json\/wp\/v2\/posts\/481618\/revisions"}],"wp:featuredmedia":[{"embeddable":true,"href":"https:\/\/www.europesays.com\/fr\/wp-json\/wp\/v2\/media\/481619"}],"wp:attachment":[{"href":"https:\/\/www.europesays.com\/fr\/wp-json\/wp\/v2\/media?parent=481618"}],"wp:term":[{"taxonomy":"category","embeddable":true,"href":"https:\/\/www.europesays.com\/fr\/wp-json\/wp\/v2\/categories?post=481618"},{"taxonomy":"post_tag","embeddable":true,"href":"https:\/\/www.europesays.com\/fr\/wp-json\/wp\/v2\/tags?post=481618"}],"curies":[{"name":"wp","href":"https:\/\/api.w.org\/{rel}","templated":true}]}}