{"id":481622,"date":"2025-10-22T09:11:12","date_gmt":"2025-10-22T09:11:12","guid":{"rendered":"https:\/\/www.europesays.com\/fr\/481622\/"},"modified":"2025-10-22T09:11:12","modified_gmt":"2025-10-22T09:11:12","slug":"ce-que-fait-le-psg-est-insultant-la-presse-europeenne-impressionnee-par-la-demonstration-parisienne-a-leverkusen","status":"publish","type":"post","link":"https:\/\/www.europesays.com\/fr\/481622\/","title":{"rendered":"\u00ab\u00a0Ce que fait le PSG est insultant\u00a0\u00bb\u00a0: la presse europ\u00e9enne impressionn\u00e9e par la d\u00e9monstration parisienne \u00e0 Leverkusen"},"content":{"rendered":"<p class=\"paragraph text_align_left lp-f-body-02\">Le <a href=\"https:\/\/www.leparisien.fr\/sports\/football\/psg\/\" target=\"_blank\" rel=\"nofollow noopener\">Paris Saint-Germain<\/a> a \u00e9trill\u00e9 un club allemand, mardi soir, mais c\u2019est un journal espagnol qui s\u2019est le plus offusqu\u00e9 de la prestation des joueurs de <a href=\"https:\/\/www.leparisien.fr\/sports\/football\/luis-enrique\/\" target=\"_blank\" rel=\"noreferrer nofollow noopener\">Luis Enriqu<\/a>e. \u00ab Ce que fait le PSG est insultant \u00bb, lance, admiratif, <a href=\"https:\/\/www.marca.com\/futbol\/champions-league\/cronica\/2025\/10\/21\/dembele-saca-brillo-balon-oro-bano-psg-leverkusen.html\" target=\"_self\" rel=\"nofollow noopener\">Marca<\/a> en page d\u2019ouverture de son site Internet, apr\u00e8s <a href=\"https:\/\/www.leparisien.fr\/sports\/football\/ligue-des-champions\/bayer-leverkusen-psg-2-7-paris-etait-le-patron-il-a-dicte-le-rythme-juge-patrick-guillou-22-10-2025-K4JUUOQX5NAE7PW7ODKVGND3XY.php\" target=\"_blank\" rel=\"noreferrer nofollow noopener\">la d\u00e9monstration du club de la capitale<\/a> sur le terrain du Bayer Leverkusen (7-2) lors de la 3e journ\u00e9e de phase de ligue de <a href=\"https:\/\/www.leparisien.fr\/sports\/football\/ligue-des-champions\/\" target=\"_self\" rel=\"nofollow noopener\">Ligue des champions<\/a>.<\/p>\n<p class=\"paragraph text_align_left lp-f-body-02\">Le quotidien madril\u00e8ne \u00e9voque une \u00ab le\u00e7on de r\u00e9alit\u00e9 \u00bb, \u00ab une gifle humiliante \u00bb et pointe le paradoxe des Parisiens, qui ont pass\u00e9 \u00ab la nuit en t\u00eate du classement\u2026 quelques jours seulement apr\u00e8s avoir perdu celle de la Ligue 1 \u00bb.<\/p>\n<p class=\"paragraph text_align_left lp-f-body-02\">Les m\u00e9dias allemands ont tout de m\u00eame salu\u00e9 la performance parisienne, contre qui le Bayer Leverkusen n\u2019avait \u00ab aucune chance \u00bb, selon <a href=\"https:\/\/www.spiegel.de\/sport\/fussball\/champions-league-bayer-leverkusen-verliert-wildes-spiel-gegen-paris-saint-germain-a-50ae484a-7b31-4b8b-8d2a-7d24b133f21c\" target=\"_blank\" rel=\"nofollow noopener\">Der Spiegel<\/a>. \u00ab M\u00eame le coude de Robert Andrich ne peut arr\u00eater D\u00e9sir\u00e9 Dou\u00e9 \u00bb, a ajout\u00e9 l\u2019hebdomadaire, en r\u00e9f\u00e9rence au carton rouge r\u00e9colt\u00e9 par l\u2019international allemand. Le magazine a \u00e9t\u00e9 impressionn\u00e9 par l\u2019ancien Rennais, \u00ab sans doute le joyau le plus \u00e9tincelant de Paris, depuis <a href=\"https:\/\/www.leparisien.fr\/paris-75\/musee-du-louvre\/\" target=\"_blank\" rel=\"noreferrer nofollow noopener\">le cambriolage du Louvre<\/a> \u00bb.<\/p>\n<p>\u00ab Dans une autre ligue \u00bb<\/p>\n<p class=\"paragraph text_align_left lp-f-body-02\">\u00ab Le PSG donne une v\u00e9ritable le\u00e7on au Bayer \u00bb, note pour sa part <a href=\"https:\/\/www.kicker.de\/leverkusen-gegen-paris-sg-2025-champions-league-5170108\/spielbericht\" target=\"_self\" rel=\"nofollow noopener\">Kicker<\/a>. \u00ab Leverkusen humili\u00e9 \u00bb rench\u00e9rit <a href=\"https:\/\/www.bild.de\/sport\/fussball\/champions-league-robert-andrich-brutal-bayer-leverkusen-blamiert-68f7d3a24fa665dfcbddcb14\" target=\"_blank\" rel=\"nofollow noopener\">Bild<\/a>. Alors que les joueurs de Kasper Hjulmand n\u2019ont toujours pas gagn\u00e9 en Ligue des champions apr\u00e8s trois journ\u00e9es, la diff\u00e9rence de classe entre les deux \u00e9quipes \u00e9tait claire pour le <a href=\"https:\/\/www.sueddeutsche.de\/sport\/leverkusen-psg-champions-league-li.3328792\" target=\"_self\" rel=\"nofollow noopener\">S\u00fcddeutsche Zeitung<\/a>. \u00ab Pour le Bayer, Paris est dans une autre ligue \u00bb, assure le SZ.<\/p>\n<p class=\"paragraph text_align_left lp-f-body-02\">Pour le reste, la victoire du champion d\u2019Europe en titre n\u2019a pas \u00e9t\u00e9 sp\u00e9cialement \u00e9t\u00e9 sortie du lot par la presse europ\u00e9enne. Au cours d\u2019<a href=\"https:\/\/www.leparisien.fr\/sports\/football\/ligue-des-champions-43-buts-en-une-seule-soiree-du-jamais-vu-21-10-2025-HSOMY4FT4RHR5N6O2ZZ6PFDDF4.php\" target=\"_blank\" rel=\"nofollow noopener\">une soir\u00e9e historiquement prolifique<\/a>, les Parisiens ont simplement honor\u00e9 leur statut.<\/p>\n","protected":false},"excerpt":{"rendered":"Le Paris Saint-Germain a \u00e9trill\u00e9 un club allemand, mardi soir, mais c\u2019est un journal espagnol qui s\u2019est le&hellip;\n","protected":false},"author":2,"featured_media":481623,"comment_status":"","ping_status":"","sticky":false,"template":"","format":"standard","meta":{"footnotes":""},"categories":[9],"tags":[63,1011,27,447,60],"class_list":{"0":"post-481622","1":"post","2":"type-post","3":"status-publish","4":"format-standard","5":"has-post-thumbnail","7":"category-sports","8":"tag-football","9":"tag-fr","10":"tag-france","11":"tag-ligue-des-champions","12":"tag-sports"},"share_on_mastodon":{"url":"https:\/\/pubeurope.com\/@fr\/115417047736583427","error":""},"_links":{"self":[{"href":"https:\/\/www.europesays.com\/fr\/wp-json\/wp\/v2\/posts\/481622","targetHints":{"allow":["GET"]}}],"collection":[{"href":"https:\/\/www.europesays.com\/fr\/wp-json\/wp\/v2\/posts"}],"about":[{"href":"https:\/\/www.europesays.com\/fr\/wp-json\/wp\/v2\/types\/post"}],"author":[{"embeddable":true,"href":"https:\/\/www.europesays.com\/fr\/wp-json\/wp\/v2\/users\/2"}],"replies":[{"embeddable":true,"href":"https:\/\/www.europesays.com\/fr\/wp-json\/wp\/v2\/comments?post=481622"}],"version-history":[{"count":0,"href":"https:\/\/www.europesays.com\/fr\/wp-json\/wp\/v2\/posts\/481622\/revisions"}],"wp:featuredmedia":[{"embeddable":true,"href":"https:\/\/www.europesays.com\/fr\/wp-json\/wp\/v2\/media\/481623"}],"wp:attachment":[{"href":"https:\/\/www.europesays.com\/fr\/wp-json\/wp\/v2\/media?parent=481622"}],"wp:term":[{"taxonomy":"category","embeddable":true,"href":"https:\/\/www.europesays.com\/fr\/wp-json\/wp\/v2\/categories?post=481622"},{"taxonomy":"post_tag","embeddable":true,"href":"https:\/\/www.europesays.com\/fr\/wp-json\/wp\/v2\/tags?post=481622"}],"curies":[{"name":"wp","href":"https:\/\/api.w.org\/{rel}","templated":true}]}}