{"id":481626,"date":"2025-10-22T09:13:15","date_gmt":"2025-10-22T09:13:15","guid":{"rendered":"https:\/\/www.europesays.com\/fr\/481626\/"},"modified":"2025-10-22T09:13:15","modified_gmt":"2025-10-22T09:13:15","slug":"avec-500-e-de-moins-ce-puissant-laptop-avec-ecran-oled-28k-a-120-hz-ryzen-ai-9-est-le-super-deal-lenovo-aujourdhui","status":"publish","type":"post","link":"https:\/\/www.europesays.com\/fr\/481626\/","title":{"rendered":"Avec 500 \u20ac de moins, ce puissant laptop avec \u00e9cran OLED 2,8K \u00e0 120 Hz + Ryzen AI 9 est le super deal Lenovo aujourd\u2019hui"},"content":{"rendered":"<p>En choisissant le Lenovo Yoga Pro 7 Gen 9, vous avez une machine facilement transportable, mais aussi puissante et qui se recharge rapidement. Si son prix de base est un frein, cette offre permet de l\u2019obtenir \u00e0 1 199 euros contre 1 699 euros de base. <\/p>\n<p><a target=\"_blank\" href=\"https:\/\/images.frandroid.com\/wp-content\/uploads\/2025\/10\/lenovo-yoga-pro-7-14.jpg\" class=\"article-content__figure\" rel=\"noopener\"><img fetchpriority=\"high\" decoding=\"async\" loading=\"eager\" width=\"1200\" height=\"675\" src=\"https:\/\/www.europesays.com\/fr\/wp-content\/uploads\/2025\/10\/lenovo-yoga-pro-7-14.jpg\" alt=\"\" class=\"wp-image-2837995 wp-image wp-image\"  \/><\/a><\/p>\n<p>Chez <a href=\"https:\/\/www.frandroid.com\/produits\/lenovo\" target=\"_blank\" rel=\"noopener\">Lenovo<\/a>, on trouve de bons ordinateurs portables taill\u00e9s pour un usage polyvalent. Parmi eux, on trouve le Yoga Pro 7 Gen 9, un laptop qui pr\u00e9sente de tr\u00e8s bons arguments pour devenir votre laptop : avec une dalle Oled qualitative et fluide, une puissante puce AMD, une bonne autonomie, il est \u00e0 l\u2019aise sur l\u2019ensemble des t\u00e2ches qu\u2019on lui incombe. Et si ce mod\u00e8le vous int\u00e9resse, sachez qu\u2019il profite <a href=\"https:\/\/shop.frandroid.com\/3gymcbuv\" target=\"_blank\" rel=\"noreferrer noopener affiliate nofollow\" data-gtm=\"{&quot;event&quot;:&quot;afficlic&quot;,&quot;nom_marchand&quot;:&quot;lenovo&quot;,&quot;nom_produit&quot;:&quot;inconnu&quot;,&quot;categorie_produit&quot;:&quot;inconnu&quot;,&quot;module_produit&quot;:&quot;editolink&quot;,&quot;position_marchand&quot;:0,&quot;texte&quot;:&quot;plus-interessant-avec-500-euros-de-remise&quot;,&quot;offer_url&quot;:&quot;https:\/\/shop.frandroid.com\/3gymcbuv&quot;,&quot;zone&quot;:&quot;contenu-page&quot;}\">de 500 euros de remise<\/a>. <\/p>\n<p>Les points forts du Lenovo Yoga Pro 7 Gen 9 <\/p>\n<ul class=\"wp-block-list\">\n<li>Un \u00e9cran OLED de 14 pouces en 2,8K et 120 Hz<\/li>\n<li>Le puissant combo AMD Ryzen AI 9 + 32 Go RAM + 1 To SSD  <\/li>\n<li>La charge rapide <\/li>\n<\/ul>\n<p>De base \u00e0 1 699 euros, le laptop Lenovo Yoga Pro 7 Gen 9 (14\u2033 AMD) est actuellement <a href=\"https:\/\/shop.frandroid.com\/3gymcbuv\" target=\"_blank\" rel=\"noreferrer noopener affiliate nofollow\" data-gtm=\"{&quot;event&quot;:&quot;afficlic&quot;,&quot;nom_marchand&quot;:&quot;lenovo&quot;,&quot;nom_produit&quot;:&quot;inconnu&quot;,&quot;categorie_produit&quot;:&quot;inconnu&quot;,&quot;module_produit&quot;:&quot;editolink&quot;,&quot;position_marchand&quot;:0,&quot;texte&quot;:&quot;remise-a-1-199-euros-sur-le-site-officiel&quot;,&quot;offer_url&quot;:&quot;https:\/\/shop.frandroid.com\/3gymcbuv&quot;,&quot;zone&quot;:&quot;contenu-page&quot;}\">remis\u00e9 \u00e0 1 199 euros sur le site officiel<\/a>. <\/p>\n<p>Si, par la suite, l\u2019offre mentionn\u00e9e dans cet article n\u2019est plus disponible, merci de jeter un coup d\u2019\u0153il ci-dessous afin de d\u00e9nicher d\u2019autres offres concernant le Lenovo Yoga Pro 7 Gen 9 (14\u2033 AMD). Le tableau s\u2019actualise automatiquement. <\/p>\n<p>Un laptop qui en a dans le ventre <\/p>\n<p>Avec les composants qu\u2019il embarque, le <a href=\"https:\/\/www.frandroid.com\/produits\/pc-portables\/lenovo\/2333434-lenovo-yoga-pro-7-gen-9-14-amd\" target=\"_blank\" rel=\"noopener\">Lenovo Yoga Pro 7 Gen 9<\/a> fait un bon compagnon. Il s\u2019appuie sur la puce AMD Ryzen AI 9 365 (jusqu\u2019\u00e0 5 GHz) avec 32 Go de RAM. Ce combo offre une utilisation fluide et sans ralentissements pour des t\u00e2ches basiques, mais aussi les plus ardues, comme le multit\u00e2che, le montage vid\u00e9o ou photo. Un SSD de 1 To est disponible pour stocker tous vos fichiers, et r\u00e9duit, au passage, les temps de chargement et acc\u00e9l\u00e8re les lancements de votre machine.<\/p>\n<p>Pour faire tenir la machine, Lenovo\u00a0int\u00e8gre une batterie de 73 Wh pouvant assurer entre 8 et 10 heures d\u2019autonomie selon l\u2019utilisation. Avec une utilisation pouss\u00e9e, ce chiffre sera amen\u00e9 \u00e0 diminuer, mais heureusement, il est compatible avec la\u00a0<a href=\"https:\/\/www.frandroid.com\/comment-faire\/comment-fonctionne-la-technologie\/279495_quick-charge-fast-charge-vooc-comparatif-des-solutions-de-rechargement-rapide\" target=\"_blank\" rel=\"noopener\">charge rapide<\/a>\u00a0: il est capable de r\u00e9cup\u00e9rer 3 heures d\u2019utilisation apr\u00e8s 15 minutes de recharge.<\/p>\n<p>Soign\u00e9 avec un affichage qui s\u00e9duit<\/p>\n<p>Arr\u00eatons-nous maintenant sur son design. Il mise sur un look discret et bien fini, avec un rev\u00eatement mat gris graphite. Avec son format de 14 pouces, il fait partie des laptops les plus compacts et son poids de 1,59 kg le rend parfaitement adapt\u00e9 pour les utilisateurs nomades. Son ch\u00e2ssis est robuste pour \u00eatre trimball\u00e9 n\u2019importe o\u00f9 et accueille une bonne connectique : deux ports\u00a0USB-C, un port HDMI, un port USB-A et une prise jack audio.<\/p>\n<p>Une fois ouvert, l\u2019ultraportable laisse d\u00e9couvrir un bel\u00a0\u00e9cran OLED de 14 pouces avec une d\u00e9finition pouvant grimper jusqu\u2019\u00e0 2 880 x 1 800 pixels.\u00a0Il offre ainsi une bonne exp\u00e9rience visuelle avec des couleurs vives et brillantes et des noirs profonds. Les bordures autour de l\u2019\u00e9cran sont affin\u00e9es pour offrir une bonne immersion, et le taux de rafra\u00eechissement monte jusqu\u2019\u00e0 120 Hz pour plus de fluidit\u00e9. On pourrait lui reprocher sa luminosit\u00e9 de 400 nits, qui est assez juste dans le cadre d\u2019une utilisation en ext\u00e9rieur. <\/p>\n<p>Si vous souhaitez d\u00e9couvrir les recommandations de la r\u00e9daction de Frandroid dans ce domaine, nous vous invitons d\u00e8s maintenant \u00e0 consulter\u00a0<a href=\"https:\/\/www.frandroid.com\/guide-dachat\/638058_quels-sont-les-meilleurs-pc-portables-haut-de-gamme-de-2019\" target=\"_blank\" rel=\"noopener\">notre guide des meilleurs PC portables \u00e0 acheter.<\/a><\/p>\n","protected":false},"excerpt":{"rendered":"En choisissant le Lenovo Yoga Pro 7 Gen 9, vous avez une machine facilement transportable, mais aussi puissante&hellip;\n","protected":false},"author":2,"featured_media":481627,"comment_status":"","ping_status":"","sticky":false,"template":"","format":"standard","meta":{"footnotes":""},"categories":[7],"tags":[17532,1011,27,60511,43,40,41,39,42,44],"class_list":{"0":"post-481626","1":"post","2":"type-post","3":"status-publish","4":"format-standard","5":"has-post-thumbnail","7":"category-sciences-et-technologies","8":"tag-bons-plans-lenovo","9":"tag-fr","10":"tag-france","11":"tag-lenovo-yoga-pro-7-gen-9-14-amd","12":"tag-science","13":"tag-science-and-technology","14":"tag-sciences","15":"tag-sciences-et-technologies","16":"tag-technologies","17":"tag-technology"},"share_on_mastodon":{"url":"https:\/\/pubeurope.com\/@fr\/115417056289572001","error":""},"_links":{"self":[{"href":"https:\/\/www.europesays.com\/fr\/wp-json\/wp\/v2\/posts\/481626","targetHints":{"allow":["GET"]}}],"collection":[{"href":"https:\/\/www.europesays.com\/fr\/wp-json\/wp\/v2\/posts"}],"about":[{"href":"https:\/\/www.europesays.com\/fr\/wp-json\/wp\/v2\/types\/post"}],"author":[{"embeddable":true,"href":"https:\/\/www.europesays.com\/fr\/wp-json\/wp\/v2\/users\/2"}],"replies":[{"embeddable":true,"href":"https:\/\/www.europesays.com\/fr\/wp-json\/wp\/v2\/comments?post=481626"}],"version-history":[{"count":0,"href":"https:\/\/www.europesays.com\/fr\/wp-json\/wp\/v2\/posts\/481626\/revisions"}],"wp:featuredmedia":[{"embeddable":true,"href":"https:\/\/www.europesays.com\/fr\/wp-json\/wp\/v2\/media\/481627"}],"wp:attachment":[{"href":"https:\/\/www.europesays.com\/fr\/wp-json\/wp\/v2\/media?parent=481626"}],"wp:term":[{"taxonomy":"category","embeddable":true,"href":"https:\/\/www.europesays.com\/fr\/wp-json\/wp\/v2\/categories?post=481626"},{"taxonomy":"post_tag","embeddable":true,"href":"https:\/\/www.europesays.com\/fr\/wp-json\/wp\/v2\/tags?post=481626"}],"curies":[{"name":"wp","href":"https:\/\/api.w.org\/{rel}","templated":true}]}}