{"id":481628,"date":"2025-10-22T09:14:13","date_gmt":"2025-10-22T09:14:13","guid":{"rendered":"https:\/\/www.europesays.com\/fr\/481628\/"},"modified":"2025-10-22T09:14:13","modified_gmt":"2025-10-22T09:14:13","slug":"imperturbable-hermes-continue-sa-progression-avec-des-ventes-en-hausse-22-10-2025-a-0903","status":"publish","type":"post","link":"https:\/\/www.europesays.com\/fr\/481628\/","title":{"rendered":"Imperturbable, Herm\u00e8s continue sa progression avec des ventes en hausse &#8211; 22\/10\/2025 \u00e0 09:03"},"content":{"rendered":"<p>        <img fetchpriority=\"high\" decoding=\"async\" src=\"https:\/\/www.europesays.com\/fr\/wp-content\/uploads\/2025\/10\/99f472b0d8cb99d525e1bcc37eda7dff-760x531.jpg\" alt=\"Le groupe fran\u00e7ais de luxe Herm\u00e8s publie un chiffre d'affaires en hausse de 5% \u00e0 3,9 milliards d'euros, imperturbable malgr\u00e9 un contexte moins favorable au secteur du luxe depuis plusieurs trimestres ( AFP \/ Eric PIERMONT )\" loading=\"eager\" width=\"760\" height=\"531\" style=\"max-width: 100%!important; height: auto;\"\/><\/p>\n<p class=\"c-image-news__legend\">Le groupe fran\u00e7ais de luxe Herm\u00e8s publie un chiffre d&rsquo;affaires en hausse de 5% \u00e0 3,9 milliards d&rsquo;euros, imperturbable malgr\u00e9 un contexte moins favorable au secteur du luxe depuis plusieurs trimestres ( AFP \/ Eric PIERMONT )<\/p>\n<p>\n Le groupe fran\u00e7ais de luxe<br \/>\n <a href=\"https:\/\/www.boursorama.com\/cours\/1rPRMS\/\" rel=\"nofollow noopener\" target=\"_blank\"><br \/>\n  Herm\u00e8s<br \/>\n <\/a><br \/>\n a publi\u00e9 mercredi un chiffre d&rsquo;affaires en hausse de 5% \u00e0 3,9 milliards d&rsquo;euros, imperturbable malgr\u00e9 un contexte moins favorable au secteur du luxe depuis plusieurs trimestres.\n<\/p>\n<p>\n Le fabricant des carr\u00e9s de soie et des c\u00e9l\u00e8bres sacs Kelly et Birkin reste optimiste pour la suite, confirmant son objectif \u00ab\u00a0ambitieux\u00a0\u00bb de progression de ses ventes \u00ab\u00a0\u00e0 moyen terme\u00a0\u00bb, et ce \u00ab\u00a0en d\u00e9pit des incertitudes \u00e9conomiques, g\u00e9opolitiques et mon\u00e9taires dans le monde\u00a0\u00bb.\n<\/p>\n<p>\n Les ventes du sellier-maroquinier ont certes p\u00e2ti, comme celles de ses concurrents, de taux de change peu favorables. Mais si l&rsquo;on \u00e9vacue ces effets de change, elles progressent de 10% selon le communiqu\u00e9 du groupe.\n<\/p>\n<p>\n Sur les neuf premiers mois de l&rsquo;ann\u00e9e, le chiffre d&rsquo;affaires est en hausse de 6,3% \u00e0 11,9 milliards d&rsquo;euros.\n<\/p>\n<p>\n Pour succ\u00e9der \u00e0 la styliste V\u00e9ronique Nichanian, qui a \u0153uvr\u00e9 pendant 37 ans pour Herm\u00e8s \u00e0 la t\u00eate des collections de pr\u00eat-\u00e0-porter masculin, le groupe avait annonc\u00e9 mardi recruter la trentenaire britannique Grace Wales Bonner.\n<\/p>\n<p>\n V\u00e9ronique Nichanian pr\u00e9sentera sa derni\u00e8re collection en janvier. \u00ab\u00a0Une collection sera ensuite pr\u00e9par\u00e9e par les studios\u00a0\u00bb avant le premier d\u00e9fil\u00e9 de Grace Wales Bonner en janvier 2027, selon le directeur g\u00e9n\u00e9ral Finances \u00c9ric du Halgou\u00ebt.\n<\/p>\n<p>\n Quant au projet de se lancer dans la haute couture, il \u00ab\u00a0ne d\u00e9bouchera pas avant 2027 au plus t\u00f4t\u00a0\u00bb mais il est bien \u00ab\u00a0en cours de pr\u00e9paration\u00a0\u00bb, a-t-il d\u00e9clar\u00e9 mercredi, lors d&rsquo;un \u00e9change avec la presse.\n<\/p>\n<p>\n Les ventes au 3\u00e8me trimestre 2025 ont \u00e9t\u00e9 plus dynamiques qu&rsquo;au second trimestre \u00ab\u00a0en Europe, en Am\u00e9rique et en Asie\u00a0\u00bb, port\u00e9es notamment par la \u00ab\u00a0loyaut\u00e9 de la client\u00e8le locale\u00a0\u00bb asiatique. En Asie, Herm\u00e8s a r\u00e9nov\u00e9 et agrandi plusieurs magasins.\n<\/p>\n<p>\n Les ventes dans la zone Am\u00e9riques se portent bien elles aussi, en hausse de 7,2% \u00e0 714 millions d&rsquo;euros, tout comme en Europe (+8,3%). En France m\u00eame, la progression est m\u00eame plus forte (+10,4%).\n<\/p>\n<p>\n La maroquinerie-sellerie, c\u0153ur de m\u00e9tier d&rsquo;Herm\u00e8s, reste solide, gr\u00e2ce notamment \u00e0 une \u00ab\u00a0forte demande des produits iconiques\u00a0\u00bb comme les sacs Birkin ou Kelly mais aussi par les \u00ab\u00a0nouvelles collections\u00a0\u00bb.\n<\/p>\n<p>\n En 2025, Herm\u00e8s investit plus d&rsquo;un milliard d&rsquo;euros, a soulign\u00e9 Finances \u00c9ric du Halgou\u00ebt. Une 25\u00e8me maroquinerie a ouvert cette ann\u00e9e en France, en Charente, et Herm\u00e8s pr\u00e9voit d&rsquo;en ouvrir trois autres dans le pays au cours des trois prochaines ann\u00e9es.<\/p>\n","protected":false},"excerpt":{"rendered":"Le groupe fran\u00e7ais de luxe Herm\u00e8s publie un chiffre d&rsquo;affaires en hausse de 5% \u00e0 3,9 milliards d&rsquo;euros,&hellip;\n","protected":false},"author":2,"featured_media":481629,"comment_status":"","ping_status":"","sticky":false,"template":"","format":"standard","meta":{"footnotes":""},"categories":[6],"tags":[400,398,408,35,405,33,34,1011,27,403,402,399,404,401,406,407],"class_list":{"0":"post-481628","1":"post","2":"type-post","3":"status-publish","4":"format-standard","5":"has-post-thumbnail","7":"category-economie","8":"tag-action-cac-40","9":"tag-bourse-de-paris","10":"tag-boursorama","11":"tag-business","12":"tag-cotations","13":"tag-economie","14":"tag-economy","15":"tag-fr","16":"tag-france","17":"tag-indices-devises","18":"tag-investir","19":"tag-investissement","20":"tag-marche-boursier","21":"tag-sicav","22":"tag-trackers","23":"tag-warrants"},"share_on_mastodon":{"url":"https:\/\/pubeurope.com\/@fr\/115417060089653423","error":""},"_links":{"self":[{"href":"https:\/\/www.europesays.com\/fr\/wp-json\/wp\/v2\/posts\/481628","targetHints":{"allow":["GET"]}}],"collection":[{"href":"https:\/\/www.europesays.com\/fr\/wp-json\/wp\/v2\/posts"}],"about":[{"href":"https:\/\/www.europesays.com\/fr\/wp-json\/wp\/v2\/types\/post"}],"author":[{"embeddable":true,"href":"https:\/\/www.europesays.com\/fr\/wp-json\/wp\/v2\/users\/2"}],"replies":[{"embeddable":true,"href":"https:\/\/www.europesays.com\/fr\/wp-json\/wp\/v2\/comments?post=481628"}],"version-history":[{"count":0,"href":"https:\/\/www.europesays.com\/fr\/wp-json\/wp\/v2\/posts\/481628\/revisions"}],"wp:featuredmedia":[{"embeddable":true,"href":"https:\/\/www.europesays.com\/fr\/wp-json\/wp\/v2\/media\/481629"}],"wp:attachment":[{"href":"https:\/\/www.europesays.com\/fr\/wp-json\/wp\/v2\/media?parent=481628"}],"wp:term":[{"taxonomy":"category","embeddable":true,"href":"https:\/\/www.europesays.com\/fr\/wp-json\/wp\/v2\/categories?post=481628"},{"taxonomy":"post_tag","embeddable":true,"href":"https:\/\/www.europesays.com\/fr\/wp-json\/wp\/v2\/tags?post=481628"}],"curies":[{"name":"wp","href":"https:\/\/api.w.org\/{rel}","templated":true}]}}