{"id":481636,"date":"2025-10-22T09:20:12","date_gmt":"2025-10-22T09:20:12","guid":{"rendered":"https:\/\/www.europesays.com\/fr\/481636\/"},"modified":"2025-10-22T09:20:12","modified_gmt":"2025-10-22T09:20:12","slug":"serie-daccidents-dans-la-loire-galere-pour-les-automobilistes","status":"publish","type":"post","link":"https:\/\/www.europesays.com\/fr\/481636\/","title":{"rendered":"s\u00e9rie d&rsquo;accidents dans la Loire, gal\u00e8re pour les automobilistes"},"content":{"rendered":"<p>            Par<br \/>\n        <strong><br \/>\n            <a href=\"https:\/\/actu.fr\/auteur\/redaction-saint-etienne\" title=\"Consulter tous les articles de R\u00e9daction Saint-\u00c9tienne\" target=\"_blank\" rel=\"noopener\">R\u00e9daction Saint-\u00c9tienne<\/a><br \/>\n        <\/strong><\/p>\n<p>        Publi\u00e9 le<\/p>\n<p>            22 oct. 2025 \u00e0 10h51        <\/p>\n<p>Gal\u00e8re ce mercredi 22\u00a0octobre au matin pour les automobilistes circulant sur les axes forts de la <a href=\"https:\/\/actu.fr\/auvergne-rhone-alpes\/loire_42\" target=\"_blank\" rel=\"noopener\">Loire<\/a>. <a href=\"https:\/\/actu.fr\/tag\/autoroute-72-a72\" target=\"_blank\" rel=\"noopener\">A72<\/a>, <a href=\"https:\/\/actu.fr\/tag\/autoroute-89-a89\" target=\"_blank\" rel=\"noopener\">A89<\/a>, <a href=\"https:\/\/actu.fr\/tag\/route-nationale-88-rn88\" target=\"_blank\" rel=\"noopener\">RN88<\/a>, \u00e0 chacun son lot d\u2019accidents autour de <a href=\"https:\/\/actu.fr\/auvergne-rhone-alpes\/saint-etienne_42218\" target=\"_blank\" rel=\"noopener\">Saint-\u00c9tienne<\/a>.<\/p>\n<p class=\" wall-content\">Plusieurs interventions des sapeurs-pompiers sont en cours sur des accidents routiers.<\/p>\n<p>Pas de victime<\/p>\n<p class=\" wall-content\">Les zones concern\u00e9es sont\u2009:<\/p>\n<ul class=\" wall-content\">\n<li>RN88 dans le sens Le Puy vers Givors au PK 16 et au PK 2<\/li>\n<li>\u2060A89 dans le sens Clermont vers Lyon au PK512.9<\/li>\n<\/ul>\n<p class=\" wall-content\">\u00ab\u2009Aucune victime ou bless\u00e9 grave n\u2019est \u00e0 d\u00e9plorer. Il n\u2019y a aucune gravit\u00e9\u2009\u00bb, signalent les secours.<\/p>\n<p class=\" wall-content\">Toutes les victimes sont indemnes. Elles n\u2019ont pas \u00e9t\u00e9 transport\u00e9es vers l\u2019h\u00f4pital.<\/p>\n<p>Carambolage entre un poids lourd et deux v\u00e9hicules l\u00e9gers<\/p>\n<ul class=\" wall-content\">\n<li>A72 dans le sens Saint-Etienne Clermont vers le p\u00e9age de Veauchette<\/li>\n<\/ul>\n<p>Votre r\u00e9gion, votre actu !<\/p>\n<p>Recevez chaque jour les infos qui comptent pour vous.<\/p>\n<p>\t<a href=\"https:\/\/actu.fr\/newsletter\" class=\"ac-btn ac-btn--corner ac-btn--medium ac-btn--blue800\" target=\"_blank\" rel=\"noopener\">S&rsquo;incrire<\/a><\/p>\n<p class=\" wall-content\">Un accident impliquant deux voitures et un poids lourd vient de se produire ce mercredi 22\u00a0octobre 2025 apr\u00e8s le p\u00e9age de Veauchette (Loire) en direction de Clermont-Ferrand.<\/p>\n<p class=\" wall-content\">Il n\u2019y a pas de bless\u00e9 mais la circulation est perturb\u00e9e.<\/p>\n<p class=\" wall-content\">Personnalisez votre actualit\u00e9 en ajoutant vos villes et m\u00e9dias en favori avec <a href=\"https:\/\/moncompte.actu.fr\" title=\"D\u00e9couvez Mon Actu\" rel=\"nofollow noopener\" data-trk=\"{&quot;cta&quot;:{&quot;action&quot;:&quot;https:\\\/\\\/moncompte.actu.fr&quot;,&quot;category&quot;:&quot;mon compte&quot;,&quot;from&quot;:&quot;article footer&quot;,&quot;name&quot;:&quot;Mon actu&quot;,&quot;type&quot;:&quot;cta&quot;}}\" target=\"_blank\">Mon Actu<\/a>.<\/p>\n","protected":false},"excerpt":{"rendered":"Par R\u00e9daction Saint-\u00c9tienne Publi\u00e9 le 22 oct. 2025 \u00e0 10h51 Gal\u00e8re ce mercredi 22\u00a0octobre au matin pour les&hellip;\n","protected":false},"author":2,"featured_media":481637,"comment_status":"","ping_status":"","sticky":false,"template":"","format":"standard","meta":{"footnotes":""},"categories":[9653],"tags":[1111,11,18457,16528,2430,1777,674,118,1011,27,12,25,18458,4001],"class_list":{"0":"post-481636","1":"post","2":"type-post","3":"status-publish","4":"format-standard","5":"has-post-thumbnail","7":"category-saint-etienne","8":"tag-actu","9":"tag-actualites","10":"tag-autoroute-72-a72","11":"tag-autoroute-89-a89","12":"tag-auvergne-rhone-alpes","13":"tag-eu","14":"tag-europe","15":"tag-faits-divers","16":"tag-fr","17":"tag-france","18":"tag-news","19":"tag-republique-francaise","20":"tag-route-nationale-88-rn88","21":"tag-saint-etienne"},"share_on_mastodon":{"url":"https:\/\/pubeurope.com\/@fr\/115417083071770058","error":""},"_links":{"self":[{"href":"https:\/\/www.europesays.com\/fr\/wp-json\/wp\/v2\/posts\/481636","targetHints":{"allow":["GET"]}}],"collection":[{"href":"https:\/\/www.europesays.com\/fr\/wp-json\/wp\/v2\/posts"}],"about":[{"href":"https:\/\/www.europesays.com\/fr\/wp-json\/wp\/v2\/types\/post"}],"author":[{"embeddable":true,"href":"https:\/\/www.europesays.com\/fr\/wp-json\/wp\/v2\/users\/2"}],"replies":[{"embeddable":true,"href":"https:\/\/www.europesays.com\/fr\/wp-json\/wp\/v2\/comments?post=481636"}],"version-history":[{"count":0,"href":"https:\/\/www.europesays.com\/fr\/wp-json\/wp\/v2\/posts\/481636\/revisions"}],"wp:featuredmedia":[{"embeddable":true,"href":"https:\/\/www.europesays.com\/fr\/wp-json\/wp\/v2\/media\/481637"}],"wp:attachment":[{"href":"https:\/\/www.europesays.com\/fr\/wp-json\/wp\/v2\/media?parent=481636"}],"wp:term":[{"taxonomy":"category","embeddable":true,"href":"https:\/\/www.europesays.com\/fr\/wp-json\/wp\/v2\/categories?post=481636"},{"taxonomy":"post_tag","embeddable":true,"href":"https:\/\/www.europesays.com\/fr\/wp-json\/wp\/v2\/tags?post=481636"}],"curies":[{"name":"wp","href":"https:\/\/api.w.org\/{rel}","templated":true}]}}