{"id":481638,"date":"2025-10-22T09:21:25","date_gmt":"2025-10-22T09:21:25","guid":{"rendered":"https:\/\/www.europesays.com\/fr\/481638\/"},"modified":"2025-10-22T09:21:25","modified_gmt":"2025-10-22T09:21:25","slug":"nancy-lul-se-bouge-pour-octobre-rose","status":"publish","type":"post","link":"https:\/\/www.europesays.com\/fr\/481638\/","title":{"rendered":"Nancy. L\u2019UL se bouge pour Octobre Rose"},"content":{"rendered":"<p>Depuis 1985, le \u00ab\u00a0mois de la sensibilisation au cancer du sein\u00a0\u00bb teinte octobre d\u2019une couleur pr\u00e9cise, le rose. <\/p>\n<p>Et en Lorraine, l\u2019Universit\u00e9 n\u2019a pas manqu\u00e9 d\u2019y prendre sa part\u00a0! Dimanche 5\u00a0octobre, plus de 310 personnels, \u00e9tudiantes et \u00e9tudiants, venant de plus de 44 composantes, structures et laboratoires, se sont mobilis\u00e9s lors des marches et courses organis\u00e9es \u00e0 Metz, Nancy, \u00c9pinal et Yutz. <\/p>\n<p>Et pour approfondir le sujet, les biblioth\u00e8ques universitaires du Saulcy \u00e0 Metz et de Sant\u00e9 \u00e0 Nancy proposent une s\u00e9lection d\u2019ouvrages et d\u2019e-books \u00e0 emprunter et \u00e0 t\u00e9l\u00e9charger.<\/p>\n","protected":false},"excerpt":{"rendered":"Depuis 1985, le \u00ab\u00a0mois de la sensibilisation au cancer du sein\u00a0\u00bb teinte octobre d\u2019une couleur pr\u00e9cise, le rose.&hellip;\n","protected":false},"author":2,"featured_media":481639,"comment_status":"","ping_status":"","sticky":false,"template":"","format":"standard","meta":{"footnotes":""},"categories":[9635],"tags":[1111,11,1057,4854,1777,674,1011,27,775,3457,1702,12,25],"class_list":{"0":"post-481638","1":"post","2":"type-post","3":"status-publish","4":"format-standard","5":"has-post-thumbnail","7":"category-nancy","8":"tag-actu","9":"tag-actualites","10":"tag-education","11":"tag-enseignement-superieur","12":"tag-eu","13":"tag-europe","14":"tag-fr","15":"tag-france","16":"tag-grand-est","17":"tag-meurthe-et-moselle","18":"tag-nancy","19":"tag-news","20":"tag-republique-francaise"},"share_on_mastodon":{"url":"https:\/\/pubeurope.com\/@fr\/115417086954361952","error":""},"_links":{"self":[{"href":"https:\/\/www.europesays.com\/fr\/wp-json\/wp\/v2\/posts\/481638","targetHints":{"allow":["GET"]}}],"collection":[{"href":"https:\/\/www.europesays.com\/fr\/wp-json\/wp\/v2\/posts"}],"about":[{"href":"https:\/\/www.europesays.com\/fr\/wp-json\/wp\/v2\/types\/post"}],"author":[{"embeddable":true,"href":"https:\/\/www.europesays.com\/fr\/wp-json\/wp\/v2\/users\/2"}],"replies":[{"embeddable":true,"href":"https:\/\/www.europesays.com\/fr\/wp-json\/wp\/v2\/comments?post=481638"}],"version-history":[{"count":0,"href":"https:\/\/www.europesays.com\/fr\/wp-json\/wp\/v2\/posts\/481638\/revisions"}],"wp:featuredmedia":[{"embeddable":true,"href":"https:\/\/www.europesays.com\/fr\/wp-json\/wp\/v2\/media\/481639"}],"wp:attachment":[{"href":"https:\/\/www.europesays.com\/fr\/wp-json\/wp\/v2\/media?parent=481638"}],"wp:term":[{"taxonomy":"category","embeddable":true,"href":"https:\/\/www.europesays.com\/fr\/wp-json\/wp\/v2\/categories?post=481638"},{"taxonomy":"post_tag","embeddable":true,"href":"https:\/\/www.europesays.com\/fr\/wp-json\/wp\/v2\/tags?post=481638"}],"curies":[{"name":"wp","href":"https:\/\/api.w.org\/{rel}","templated":true}]}}