{"id":481640,"date":"2025-10-22T09:22:19","date_gmt":"2025-10-22T09:22:19","guid":{"rendered":"https:\/\/www.europesays.com\/fr\/481640\/"},"modified":"2025-10-22T09:22:19","modified_gmt":"2025-10-22T09:22:19","slug":"photos-parenthese-enchantee-avec-le-cirque-arlette-gruss-a-nancy","status":"publish","type":"post","link":"https:\/\/www.europesays.com\/fr\/481640\/","title":{"rendered":"PHOTOS. Parenth\u00e8se enchant\u00e9e avec le cirque Arlette Gruss \u00e0 Nancy"},"content":{"rendered":"<p class=\"article-p mdl\">Le chapiteau tr\u00f4ne sur la place Carnot. Le cirque Arlette Gruss invite le public \u00e0 faire une pause dans le quotidien, parfois mouvement\u00e9, avec son nouveau spectacle tr\u00e8s po\u00e9tique, intitul\u00e9 \u00ab Parenth\u00e8se \u00bb.<br \/>\n<br \/>Pendant 2 heures, les num\u00e9ros s\u2019encha\u00eenent au rythme de la musique assur\u00e9e par un orchestre live. Au programme : acrobaties, \u00e9quilibre, sketchs ou encore dressage de chevaux.<br \/>\n<br \/>Et plusieurs nouveaut\u00e9s sont propos\u00e9es. \u00ab Darya [Sharamet] fait un tr\u00e8s beau num\u00e9ro a\u00e9rien suspendue \u00e0 plusieurs m\u00e8tres de hauteur par les cheveux. Arzuman [Arutiuniuan] fait de l\u2019\u00e9quilibre sur une petite plateforme ronde qui tourne. Il y a aussi un num\u00e9ro de main \u00e0 main r\u00e9alis\u00e9 par Alexis et son grand-fr\u00e8re Eros Gruss. \u00c9galement, un num\u00e9ro de danse suspendue dans une \u00e9norme spirale \u00bb, d\u00e9taille R\u00e9my Becuwe, responsable de la communication du cirque.\n<\/p>\n<ul class=\"glide__slides\">\n<li class=\"glide__slide\">\n<p>                                    <img decoding=\"async\" alt=\"\" class=\"lazy\" src=\"data:image\/png;base64,iVBORw0KGgoAAAANSUhEUgAAAAEAAAABCAQAAAC1HAwCAAAAC0lEQVR42mM8IQkAAa8A48opxD0AAAAASUVORK5CYII=\"\/><\/p>\n<p class=\"article-media-figcaption-title\">Le nouveau spectacle du cirque Arlette Gruss propose des num\u00e9ros tr\u00e8s po\u00e9tiques<\/p>\n<p class=\"article-media-figcaption-credits\">\n                                                Cr\u00e9dits : Sarah Cotton\n                                            <\/p>\n<\/li>\n<li class=\"glide__slide\">\n<p>                                    <img decoding=\"async\" alt=\"\" class=\"lazy\" src=\"data:image\/png;base64,iVBORw0KGgoAAAANSUhEUgAAAAEAAAABCAQAAAC1HAwCAAAAC0lEQVR42mM8IQkAAa8A48opxD0AAAAASUVORK5CYII=\"\/><\/p>\n<p class=\"article-media-figcaption-title\">La Compania Havana rebondit sur terre et dans les airs<\/p>\n<p class=\"article-media-figcaption-credits\">\n                                                Cr\u00e9dits : Sarah Cotton\n                                            <\/p>\n<\/li>\n<li class=\"glide__slide\">\n<p>                                    <img decoding=\"async\" alt=\"\" class=\"lazy\" src=\"data:image\/png;base64,iVBORw0KGgoAAAANSUhEUgAAAAEAAAABCAQAAAC1HAwCAAAAC0lEQVR42mM8IQkAAa8A48opxD0AAAAASUVORK5CYII=\"\/><\/p>\n<p class=\"article-media-figcaption-title\">Le clown Francesco Fratellini amuse les petits comme les plus grands<\/p>\n<p class=\"article-media-figcaption-credits\">\n                                                Cr\u00e9dits : Sarah Cotton\n                                            <\/p>\n<\/li>\n<li class=\"glide__slide\">\n<p>                                    <img decoding=\"async\" alt=\"\" class=\"lazy\" src=\"data:image\/png;base64,iVBORw0KGgoAAAANSUhEUgAAAAEAAAABCAQAAAC1HAwCAAAAC0lEQVR42mM8IQkAAa8A48opxD0AAAAASUVORK5CYII=\"\/><\/p>\n<p class=\"article-media-figcaption-title\">Darya Sharamet propose un num\u00e9ro a\u00e9rien avec suspension capillaire<\/p>\n<p class=\"article-media-figcaption-credits\">\n                                                Cr\u00e9dits : Sarah Cotton\n                                            <\/p>\n<\/li>\n<li class=\"glide__slide\">\n<p>                                    <img decoding=\"async\" alt=\"\" class=\"lazy\" src=\"data:image\/png;base64,iVBORw0KGgoAAAANSUhEUgAAAAEAAAABCAQAAAC1HAwCAAAAC0lEQVR42mM8IQkAAa8A48opxD0AAAAASUVORK5CYII=\"\/><\/p>\n<p class=\"article-media-figcaption-title\">Eros et Alexis Gruss performent dans un num\u00e9ro de main \u00e0 main<\/p>\n<p class=\"article-media-figcaption-credits\">\n                                                Cr\u00e9dits : Sarah Cotton\n                                            <\/p>\n<\/li>\n<li class=\"glide__slide\">\n<p>                                    <img decoding=\"async\" alt=\"\" class=\"lazy\" src=\"data:image\/png;base64,iVBORw0KGgoAAAANSUhEUgAAAAEAAAABCAQAAAC1HAwCAAAAC0lEQVR42mM8IQkAAa8A48opxD0AAAAASUVORK5CYII=\"\/><\/p>\n<p class=\"article-media-figcaption-title\">Arthur Vereano-Huart alias Monsieur Loyal pr\u00e9sente tous les num\u00e9ros du spectacle<\/p>\n<p class=\"article-media-figcaption-credits\">\n                                                Cr\u00e9dits : Sarah Cotton\n                                            <\/p>\n<\/li>\n<li class=\"glide__slide\">\n<p>                                    <img decoding=\"async\" alt=\"\" class=\"lazy\" src=\"data:image\/png;base64,iVBORw0KGgoAAAANSUhEUgAAAAEAAAABCAQAAAC1HAwCAAAAC0lEQVR42mM8IQkAAa8A48opxD0AAAAASUVORK5CYII=\"\/><\/p>\n<p class=\"article-media-figcaption-title\">Sarah Florees pr\u00e9sente un num\u00e9ro a\u00e9rien dans des spirales<\/p>\n<p class=\"article-media-figcaption-credits\">\n                                                Cr\u00e9dits : Sarah Cotton\n                                            <\/p>\n<\/li>\n<li class=\"glide__slide\">\n<p>                                    <img decoding=\"async\" alt=\"\" class=\"lazy\" src=\"data:image\/png;base64,iVBORw0KGgoAAAANSUhEUgAAAAEAAAABCAQAAAC1HAwCAAAAC0lEQVR42mM8IQkAAa8A48opxD0AAAAASUVORK5CYII=\"\/><\/p>\n<p class=\"article-media-figcaption-title\">La cavalerie du cirque Arlette Gruss reste un incontournable<\/p>\n<p class=\"article-media-figcaption-credits\">\n                                                Cr\u00e9dits : Sarah Cotton\n                                            <\/p>\n<\/li>\n<li class=\"glide__slide\">\n<p>                                    <img decoding=\"async\" alt=\"\" class=\"lazy\" src=\"data:image\/png;base64,iVBORw0KGgoAAAANSUhEUgAAAAEAAAABCAQAAAC1HAwCAAAAC0lEQVR42mM8IQkAAa8A48opxD0AAAAASUVORK5CYII=\"\/><\/p>\n<p class=\"article-media-figcaption-title\">Le Globe of speed est de retour et reste impressionnant<\/p>\n<p class=\"article-media-figcaption-credits\">\n                                                Cr\u00e9dits : Sarah Cotton\n                                            <\/p>\n<\/li>\n<li class=\"glide__slide\">\n<p>                                    <img decoding=\"async\" alt=\"\" class=\"lazy\" src=\"data:image\/png;base64,iVBORw0KGgoAAAANSUhEUgAAAAEAAAABCAQAAAC1HAwCAAAAC0lEQVR42mM8IQkAAa8A48opxD0AAAAASUVORK5CYII=\"\/><\/p>\n<p class=\"article-media-figcaption-title\">Arzuman Arutiuniuan tient l&rsquo;\u00e9quilibre sur une roue en mouvement<\/p>\n<p class=\"article-media-figcaption-credits\">\n                                                Cr\u00e9dits : Sarah Cotton\n                                            <\/p>\n<\/li>\n<li class=\"glide__slide\">\n<p>                                    <img decoding=\"async\" alt=\"\" class=\"lazy\" src=\"data:image\/png;base64,iVBORw0KGgoAAAANSUhEUgAAAAEAAAABCAQAAAC1HAwCAAAAC0lEQVR42mM8IQkAAa8A48opxD0AAAAASUVORK5CYII=\"\/><\/p>\n<p class=\"article-media-figcaption-title\">La troupe du cirque Arlette Gruss invite le public dans sa \u00ab\u00a0Parenth\u00e8se\u00a0\u00bb<\/p>\n<p class=\"article-media-figcaption-credits\">\n                                                Cr\u00e9dits : Sarah Cotton\n                                            <\/p>\n<\/li>\n<\/ul>\n<p>                Pr\u00e9c\u00e9dent<\/p>\n<p>                Suivant<\/p>\n<p class=\"article-p mdl\">Le public habitu\u00e9 retrouve lui, des artistes qu\u2019il conna\u00eet bien comme Linda et sa fille Laura-Maria Gruss dans un num\u00e9ro \u00e9questre. Le clown Francesco Fratellini est toujours pr\u00e9sent pour amuser les petits mais \u00e9galement les plus grands. Le Globe of Speed -qui a fait sensation l\u2019ann\u00e9e derni\u00e8re &#8211; est de retour \u00e0 la demande g\u00e9n\u00e9rale, pour un num\u00e9ro remani\u00e9 mais toujours tr\u00e8s impressionnant.<br \/>\n<br \/>A noter que des diners spectacles sont \u00e9galement organis\u00e9s. Vous avez jusqu\u2019au 2 novembre pour en profiter.<br \/>\n<br \/>Toutes les infos sur le\u00a0<a class=\"link\" href=\"https:\/\/www.cirque-gruss.com\/\" target=\"_blank\" rel=\"noopener\">site du cirque Arlette Gruss<\/a>.<\/p>\n<p>    La r\u00e9daction vous recommande<\/p>\n<p>\n                                    Lire la suite\n                                <\/p>\n","protected":false},"excerpt":{"rendered":"Le chapiteau tr\u00f4ne sur la place Carnot. Le cirque Arlette Gruss invite le public \u00e0 faire une pause&hellip;\n","protected":false},"author":2,"featured_media":481641,"comment_status":"","ping_status":"","sticky":false,"template":"","format":"standard","meta":{"footnotes":""},"categories":[9635],"tags":[1111,11,1777,674,1011,27,775,776,1702,12,16,25],"class_list":{"0":"post-481640","1":"post","2":"type-post","3":"status-publish","4":"format-standard","5":"has-post-thumbnail","7":"category-nancy","8":"tag-actu","9":"tag-actualites","10":"tag-eu","11":"tag-europe","12":"tag-fr","13":"tag-france","14":"tag-grand-est","15":"tag-lorraine","16":"tag-nancy","17":"tag-news","18":"tag-region","19":"tag-republique-francaise"},"share_on_mastodon":{"url":"https:\/\/pubeurope.com\/@fr\/115417090897806077","error":""},"_links":{"self":[{"href":"https:\/\/www.europesays.com\/fr\/wp-json\/wp\/v2\/posts\/481640","targetHints":{"allow":["GET"]}}],"collection":[{"href":"https:\/\/www.europesays.com\/fr\/wp-json\/wp\/v2\/posts"}],"about":[{"href":"https:\/\/www.europesays.com\/fr\/wp-json\/wp\/v2\/types\/post"}],"author":[{"embeddable":true,"href":"https:\/\/www.europesays.com\/fr\/wp-json\/wp\/v2\/users\/2"}],"replies":[{"embeddable":true,"href":"https:\/\/www.europesays.com\/fr\/wp-json\/wp\/v2\/comments?post=481640"}],"version-history":[{"count":0,"href":"https:\/\/www.europesays.com\/fr\/wp-json\/wp\/v2\/posts\/481640\/revisions"}],"wp:featuredmedia":[{"embeddable":true,"href":"https:\/\/www.europesays.com\/fr\/wp-json\/wp\/v2\/media\/481641"}],"wp:attachment":[{"href":"https:\/\/www.europesays.com\/fr\/wp-json\/wp\/v2\/media?parent=481640"}],"wp:term":[{"taxonomy":"category","embeddable":true,"href":"https:\/\/www.europesays.com\/fr\/wp-json\/wp\/v2\/categories?post=481640"},{"taxonomy":"post_tag","embeddable":true,"href":"https:\/\/www.europesays.com\/fr\/wp-json\/wp\/v2\/tags?post=481640"}],"curies":[{"name":"wp","href":"https:\/\/api.w.org\/{rel}","templated":true}]}}