{"id":481648,"date":"2025-10-22T09:26:30","date_gmt":"2025-10-22T09:26:30","guid":{"rendered":"https:\/\/www.europesays.com\/fr\/481648\/"},"modified":"2025-10-22T09:26:30","modified_gmt":"2025-10-22T09:26:30","slug":"el-m-j2-montpellier-et-st-raph-decrochent-de-premiers-larges-succes","status":"publish","type":"post","link":"https:\/\/www.europesays.com\/fr\/481648\/","title":{"rendered":"EL (M) &#8211; J2 | Montpellier et St Raph d\u00e9crochent de premiers larges succ\u00e8s !"},"content":{"rendered":"<p>                <img loading=\"lazy\" decoding=\"async\" class=\"size-full wp-image-327412\" src=\"https:\/\/www.europesays.com\/fr\/wp-content\/uploads\/2025\/10\/SIMONET-Diego-Paris-Montpellier-Trophee-des-Champions-le-30-aout-2025-6267.jpg\" alt=\"\" width=\"900\" height=\"600\"\/>SIMONET Diego (Montpellier HB)<\/p>\n<p style=\"text-align: justify;\"><strong>Pour leur seconde journ\u00e9e de comp\u00e9tition, Montpellier et St Rapha\u00ebl ont pleinement pris la mesure de leurs adversaires pour attraper des premiers points respectivement \u00e0 Bern (31-37) et contre le Potaissa Turda (42-24).<\/strong><\/p>\n<p style=\"text-align: justify;\">En terres Suisses, <strong>Montpellier<\/strong> aura tr\u00e8s bien g\u00e9r\u00e9 un d\u00e9placement pi\u00e8ge contre le <strong>BSV Bern<\/strong>. Battus par les Polonais d&rsquo;Ostrow Wielkopolski la semaine pass\u00e9e, les Helv\u00e8tes peuvent faire figure de petit poucet de la poule mais se seront bien battus contre les Fran\u00e7ais. Aux coudes \u00e0 coudes avec les H\u00e9raultais durant 45 minutes (14-14, 20&prime; ; 20-24, 35&prime; ; 24-24, 40&prime;), les locaux tiennent bon en s&rsquo;appuyant sur ses internationaux jeunes de la g\u00e9n\u00e9ration 2006-2007. Dans les cages, <strong>Mathieu Seravalli<\/strong> sortira pas moins de 19 parades (35 %), tandis que l&rsquo;attaque est essentiellement aliment\u00e9e par l&rsquo;arri\u00e8re droitier <strong>Levin Wanner<\/strong> (10\/14). Malgr\u00e9, tout, apr\u00e8s avoir repos\u00e9 sur un <strong>Diego Simonet<\/strong> des grands soirs d\u00e8s le d\u00e9but de rencontre (8\/10, dont 6\/7 en premi\u00e8re p\u00e9riode), les pr\u00e9cieuses parades de <strong>Charles Bolzinger<\/strong> (10\/12, 44%) et les p\u00e9naltys de <strong>Jack Thurin<\/strong> (5\/6) permettront aux hommes d&rsquo;\u00c9rick Math\u00e9 de ma\u00eetriser leur money time et s&rsquo;imposer confortablement (<strong>31-37<\/strong>).<\/p>\n<p style=\"text-align: justify;\">Dans l&rsquo;autre rencontre du groupe, <strong>Kiel<\/strong> n&rsquo;aura logiquement pas fait dans la demi-mesure face \u00e0 Ostrow Wielkopolski avec un large succ\u00e8s (<strong>34-21<\/strong>). Les Z\u00e8bres en auront profit\u00e9 pour donner du temps de jeu au demi-centre <strong>Rasmus Ankermann<\/strong>, demi-centre de la s\u00e9lection allemande U19, qui termine meilleur buteur de la rencontre avec 6 r\u00e9alisations.<\/p>\n<p>St Rapha\u00ebl d\u00e9roule contre les Roumains<\/p>\n<p style=\"text-align: justify;\">Du c\u00f4t\u00e9 de <strong>St Rapha\u00ebl<\/strong>, dans le groupe A, la soir\u00e9e aura \u00e9t\u00e9 plus paisible que celles des Montpelli\u00e9rains avec un succ\u00e8s b\u00e2ti d\u00e8s le premier quart d&rsquo;heure de jeu. Face aux Roumains du <strong>Potaissa Turda<\/strong>, les Varois ont enfonc\u00e9 le clou d&rsquo;entr\u00e9e (16-8, 23&prime; ; 21-11, 30&prime;), bien aid\u00e9s par leur n\u00e9o-international <strong>Dr\u00e9vy Paschal<\/strong> (7\/8) et un <strong>Alexandre Demaille<\/strong> toujours fiable entre ses poteaux (13\/31, 42%). En face, le portier roumain Mihai Popescu aura \u00e9t\u00e9 bien contourn\u00e9 par les joueurs de son ancien club (9 arr\u00eats, 21%) et le second acte est \u00e0 sens unique (<strong>42-24<\/strong>).<\/p>\n<p style=\"text-align: justify;\">Dans l&rsquo;autre rencontre du groupe, le <strong>Bidasoa Irun<\/strong> a failli cr\u00e9er la surprise \u00e0 domicile contre <strong>Flensburg<\/strong> (<strong>32-33<\/strong>). Avec un avantage de 4 unit\u00e9s au d\u00e9but du money time (30-26, 50&prime;), les Basques ont subi le retour des joueurs du Nord de l&rsquo;Allemagne, avec notamment 5 buts de ses cadres danois Niklas Kirkelokke et Simon Pytlick. Le succ\u00e8s allemand est acquis dans les 3 derni\u00e8res minutes, et aura beaucoup repos\u00e9 sur <strong>Emil Jakobsen<\/strong> (10\/12) et <strong>Marko Grgic<\/strong> (8\/15). Aussi, la r\u00e9ception des Espagnols par St Rapha\u00ebl lors de la prochaine journ\u00e9e, le 11 novembre, n&rsquo;aura rien d&rsquo;une formalit\u00e9.<\/p>\n<p>Retrouvez le calendrier et les classements sur notre <a href=\"https:\/\/handnews.fr\/championnat\/ehf-european-league\/\" target=\"_blank\" rel=\"noopener\">espace R\u00e9sultats<\/a>.<\/p>\n<p style=\"text-align: right;\">Antoine Piollat<\/p>\n","protected":false},"excerpt":{"rendered":"SIMONET Diego (Montpellier HB) Pour leur seconde journ\u00e9e de comp\u00e9tition, Montpellier et St Rapha\u00ebl ont pleinement pris la&hellip;\n","protected":false},"author":2,"featured_media":481649,"comment_status":"","ping_status":"","sticky":false,"template":"","format":"standard","meta":{"footnotes":""},"categories":[9599],"tags":[1111,11,56812,60512,47816,16617,60513,60514,1777,674,1011,27,60515,60516,60517,60518,2208,13473,12,2680,60519,46529,25,25271,60368],"class_list":{"0":"post-481648","1":"post","2":"type-post","3":"status-publish","4":"format-standard","5":"has-post-thumbnail","7":"category-montpellier","8":"tag-actu","9":"tag-actualites","10":"tag-alexandre-demaille","11":"tag-bsv-bern","12":"tag-charles-bolzinger","13":"tag-diego-simonet","14":"tag-drevy-paschal","15":"tag-emil-jakobsen","16":"tag-eu","17":"tag-europe","18":"tag-fr","19":"tag-france","20":"tag-jack-thurin","21":"tag-levin-wanner","22":"tag-marko-grgic","23":"tag-mathieu-seravalli","24":"tag-montpellier","25":"tag-montpellier-handball","26":"tag-news","27":"tag-occitanie","28":"tag-potaissa-turda","29":"tag-rasmus-ankermann","30":"tag-republique-francaise","31":"tag-saint-raphael","32":"tag-st-raphael"},"share_on_mastodon":{"url":"https:\/\/pubeurope.com\/@fr\/115417107312090595","error":""},"_links":{"self":[{"href":"https:\/\/www.europesays.com\/fr\/wp-json\/wp\/v2\/posts\/481648","targetHints":{"allow":["GET"]}}],"collection":[{"href":"https:\/\/www.europesays.com\/fr\/wp-json\/wp\/v2\/posts"}],"about":[{"href":"https:\/\/www.europesays.com\/fr\/wp-json\/wp\/v2\/types\/post"}],"author":[{"embeddable":true,"href":"https:\/\/www.europesays.com\/fr\/wp-json\/wp\/v2\/users\/2"}],"replies":[{"embeddable":true,"href":"https:\/\/www.europesays.com\/fr\/wp-json\/wp\/v2\/comments?post=481648"}],"version-history":[{"count":0,"href":"https:\/\/www.europesays.com\/fr\/wp-json\/wp\/v2\/posts\/481648\/revisions"}],"wp:featuredmedia":[{"embeddable":true,"href":"https:\/\/www.europesays.com\/fr\/wp-json\/wp\/v2\/media\/481649"}],"wp:attachment":[{"href":"https:\/\/www.europesays.com\/fr\/wp-json\/wp\/v2\/media?parent=481648"}],"wp:term":[{"taxonomy":"category","embeddable":true,"href":"https:\/\/www.europesays.com\/fr\/wp-json\/wp\/v2\/categories?post=481648"},{"taxonomy":"post_tag","embeddable":true,"href":"https:\/\/www.europesays.com\/fr\/wp-json\/wp\/v2\/tags?post=481648"}],"curies":[{"name":"wp","href":"https:\/\/api.w.org\/{rel}","templated":true}]}}