{"id":481650,"date":"2025-10-22T09:27:13","date_gmt":"2025-10-22T09:27:13","guid":{"rendered":"https:\/\/www.europesays.com\/fr\/481650\/"},"modified":"2025-10-22T09:27:13","modified_gmt":"2025-10-22T09:27:13","slug":"hockey-sur-glace-les-dragons-de-rouen-valident-leur-billet-pour-les-huitiemes-de-finale-de-coupe-de-france","status":"publish","type":"post","link":"https:\/\/www.europesays.com\/fr\/481650\/","title":{"rendered":"Hockey sur glace. Les Dragons de Rouen valident leur billet pour les huiti\u00e8mes de finale de Coupe de France."},"content":{"rendered":"<p>            Par<br \/>\n        <strong><br \/>\n            <a href=\"https:\/\/actu.fr\/auteur\/alexandre-canivet\" title=\"Consulter tous les articles de Alexandre Canivet\" target=\"_blank\" rel=\"noopener\">Alexandre Canivet<\/a><br \/>\n        <\/strong><\/p>\n<p>        Publi\u00e9 le<\/p>\n<p>            22 oct. 2025 \u00e0 11h22        <\/p>\n<p><strong>Cela avait tout d\u2019un traquenard.<\/strong> Une patinoire pleine et des adversaires qui n\u2019avaient rien \u00e0 perdre. \u00a0Un sc\u00e9nario qui n\u2019aura pas fait fr\u00e9mir <a href=\"https:\/\/actu.fr\/tag\/rouen-hockey-club\" target=\"_blank\" rel=\"noopener\">les Dragons de Rouen<\/a> longtemps. Vainqueurs sur le score de<strong> 2-8<\/strong>, en terre nordiste, <strong>mardi 21 octobre 2025<\/strong>, les Rouennais ont pris le match par le bon bout et ont su se le rendre facile face \u00e0 des <strong>Corsaires de Dunkerque<\/strong> vite d\u00e9pass\u00e9s. Pensionnaires de division 1, le second niveau national, les Nordistes n\u2019auront pas r\u00e9ussi \u00e0 faire douter les joueurs de Carl Mallette comme ils avaient su le faire en 2018 en \u00e9liminant les Dragons de cette comp\u00e9tition au m\u00eame stade.<\/p>\n<p class=\" wall-content\"><strong>Rouen se d\u00e9tache\u2026<\/strong><\/p>\n<p class=\" wall-content\">Si les premi\u00e8res minutes \u00e9taient \u00e9quilibr\u00e9es, les Jaune et Noir prenaient rapidement le contr\u00f4le du palet. Les s\u00e9quences offensives se succ\u00e9daient sur la cage des Corsaires tenue par Bertein. Sans succ\u00e8s dans un premier temps.<\/p>\n<p class=\" wall-content\">Mais le travail de sape faisait son effet et les Rouennais finissaient par trouver la faille sur un exploit individuel de Gresok d\u2019une magnifique \u00ab\u00a0Michigan\u00a0\u00bb\u00a0en lucarne (0-1, 7\u201912). Il fallait moins de cinq minutes \u00e0 Phelan (0-2, 12\u201927) pour doubler la mise sur un palet qui trainait aux abords des filets de Bertein. Forts de deux buts d\u2019avance les Rouennais d\u00e9roulaient et maintenaient leur pression en zone adverse.<\/p>\n<p class=\" wall-content\"><strong>Et valide son billet au second tiers<\/strong><\/p>\n<p class=\" wall-content\">Les Corsaires restaient conqu\u00e9rants malgr\u00e9 leurs deux buts de retard et revenaient avec des intensions offensives en d\u00e9but de seconde p\u00e9riode. Le ton montait m\u00eame entre les joueurs sans que cela ne d\u00e9stabilise les Dragons.<\/p>\n<p class=\" wall-content\">Au contraire, Chakiachvili (0-3, 22\u201946) rajoutait un troisi\u00e8me but dans les secondes suivant le d\u00e9but d\u2019\u00e9chauffour\u00e9e. La qualification ne faisait plus aucun doute quand Nesa (0-4, 23\u201904), pratiquement sur le coup d\u2019envoi, enfilait une quatri\u00e8me fois le palet dans la cage de Bertein impuissant.<\/p>\n<p class=\" wall-content\">De son c\u00f4t\u00e9, Carruth, le gardien rouennais passait une soir\u00e9e plut\u00f4t tranquille et faisait le job quand cela \u00e9tait n\u00e9cessaire. Chakiachvili, lui, r\u00e9alisait le doubl\u00e9 (0-5, 32\u201955) pour donner un avantage cons\u00e9quent aux Normands. La rencontre tournait \u00e0 la d\u00e9monstration pour les Corsaires. Heureusement pour eux Daneau (1-5, 38\u201940) adoucissait quelque peu la note par un but en fin de p\u00e9riode.<\/p>\n<p class=\" wall-content\"><strong>Prochain tour fin novembre<\/strong><\/p>\n<p class=\" wall-content\">Le dernier tiers temps sera \u00e0 l\u2019image du second avec des Rouennais en contr\u00f4le et dominateurs. Tessier (1-6, 42\u201935) et Rech (1-7, 43\u201957) gonflaient la marque un peu plus. Sur leur second jeu de puissance de la soir\u00e9e, Simonsen d\u2019un puissant slap, donnait des allures de correction aux Nordistes (1-8, 50\u201908). Cela n\u2019emp\u00eachait pas le fervent public de la patinoire Michel Raffoux de continuer \u00e0 encourager leurs favoris. Et il sera r\u00e9compens\u00e9 par un joli but de Daneau (2-8, 52\u201952), en inf\u00e9riorit\u00e9, qui cl\u00f4turait la marque de ce seizi\u00e8me de finale sans surprise.<\/p>\n<p>Votre r\u00e9gion, votre actu !<\/p>\n<p>Recevez chaque jour les infos qui comptent pour vous.<\/p>\n<p>\t<a href=\"https:\/\/actu.fr\/newsletter\" class=\"ac-btn ac-btn--corner ac-btn--medium ac-btn--blue800\" target=\"_blank\" rel=\"noopener\">S&rsquo;incrire<\/a><\/p>\n<p class=\" wall-content\">Les Dragons de Rouen devront attendre <strong>les 25 et 26 novembre 2025<\/strong> pour disputer les <strong>huiti\u00e8mes de finale de la Coupe de France<\/strong>. Une comp\u00e9tition qui leur \u00e9chappe depuis 2016 et dans laquelle ils voudront briller cette ann\u00e9e. D\u2019ici l\u00e0, les prot\u00e9g\u00e9s de Carl Mallette chercheront \u00e0 continuer leur bon d\u00e9but de saison en Ligue Magnus. Actuellement coleader, avec Angers, les Rouennais, battus lors de leur dernier d\u00e9placement \u00e0 Anglet, voudrons rapidement rebondir face aux Br\u00fbleurs de Loups de Grenoble d\u00e8s ce vendredi 24 octobre 2025 dans leur antre de l\u2019Ile Lacroix.<\/p>\n<p>Suivez l\u2019actualit\u00e9 de Rouen <a href=\"https:\/\/www.whatsapp.com\/channel\/0029VaKfnf99hXF2ddApFB1D\" target=\"_blank\" rel=\"noopener\">sur notre cha\u00eene WhatsApp<\/a> et <a href=\"https:\/\/www.tiktok.com\/@76actu.fr?lang=fr\" target=\"_blank\" rel=\"noopener\">sur notre compte TikTok<\/a><\/p>\n<p class=\" wall-content\">Personnalisez votre actualit\u00e9 en ajoutant vos villes et m\u00e9dias en favori avec <a href=\"https:\/\/moncompte.actu.fr\" title=\"D\u00e9couvez Mon Actu\" rel=\"nofollow noopener\" data-trk=\"{&quot;cta&quot;:{&quot;action&quot;:&quot;https:\\\/\\\/moncompte.actu.fr&quot;,&quot;category&quot;:&quot;mon compte&quot;,&quot;from&quot;:&quot;article footer&quot;,&quot;name&quot;:&quot;Mon actu&quot;,&quot;type&quot;:&quot;cta&quot;}}\" target=\"_blank\">Mon Actu<\/a>.<\/p>\n<p>                    <script async src=\"\/\/www.tiktok.com\/embed.js\"><\/script><\/p>\n","protected":false},"excerpt":{"rendered":"Par Alexandre Canivet Publi\u00e9 le 22 oct. 2025 \u00e0 11h22 Cela avait tout d\u2019un traquenard. Une patinoire pleine&hellip;\n","protected":false},"author":2,"featured_media":481651,"comment_status":"","ping_status":"","sticky":false,"template":"","format":"standard","meta":{"footnotes":""},"categories":[9587],"tags":[1111,11,1777,674,1011,27,4488,12,5161,25,9590,33958,60],"class_list":{"0":"post-481650","1":"post","2":"type-post","3":"status-publish","4":"format-standard","5":"has-post-thumbnail","7":"category-rouen","8":"tag-actu","9":"tag-actualites","10":"tag-eu","11":"tag-europe","12":"tag-fr","13":"tag-france","14":"tag-hockey","15":"tag-news","16":"tag-normandie","17":"tag-republique-francaise","18":"tag-rouen","19":"tag-rouen-hockey-club","20":"tag-sports"},"share_on_mastodon":{"url":"https:\/\/pubeurope.com\/@fr\/115417110543381114","error":""},"_links":{"self":[{"href":"https:\/\/www.europesays.com\/fr\/wp-json\/wp\/v2\/posts\/481650","targetHints":{"allow":["GET"]}}],"collection":[{"href":"https:\/\/www.europesays.com\/fr\/wp-json\/wp\/v2\/posts"}],"about":[{"href":"https:\/\/www.europesays.com\/fr\/wp-json\/wp\/v2\/types\/post"}],"author":[{"embeddable":true,"href":"https:\/\/www.europesays.com\/fr\/wp-json\/wp\/v2\/users\/2"}],"replies":[{"embeddable":true,"href":"https:\/\/www.europesays.com\/fr\/wp-json\/wp\/v2\/comments?post=481650"}],"version-history":[{"count":0,"href":"https:\/\/www.europesays.com\/fr\/wp-json\/wp\/v2\/posts\/481650\/revisions"}],"wp:featuredmedia":[{"embeddable":true,"href":"https:\/\/www.europesays.com\/fr\/wp-json\/wp\/v2\/media\/481651"}],"wp:attachment":[{"href":"https:\/\/www.europesays.com\/fr\/wp-json\/wp\/v2\/media?parent=481650"}],"wp:term":[{"taxonomy":"category","embeddable":true,"href":"https:\/\/www.europesays.com\/fr\/wp-json\/wp\/v2\/categories?post=481650"},{"taxonomy":"post_tag","embeddable":true,"href":"https:\/\/www.europesays.com\/fr\/wp-json\/wp\/v2\/tags?post=481650"}],"curies":[{"name":"wp","href":"https:\/\/api.w.org\/{rel}","templated":true}]}}