{"id":481654,"date":"2025-10-22T09:29:11","date_gmt":"2025-10-22T09:29:11","guid":{"rendered":"https:\/\/www.europesays.com\/fr\/481654\/"},"modified":"2025-10-22T09:29:11","modified_gmt":"2025-10-22T09:29:11","slug":"grenoble-blesse-a-coups-de-tire-bouchon-lors-dune-soiree-arrosee","status":"publish","type":"post","link":"https:\/\/www.europesays.com\/fr\/481654\/","title":{"rendered":"Grenoble. Bless\u00e9 \u00e0 coups de tire-bouchon lors d\u2019une soir\u00e9e arros\u00e9e"},"content":{"rendered":"<p>La soir\u00e9e entre amis \u00e9tait cens\u00e9e \u00eatre festive, elle a fini aux urgences du CHU Grenoble-Alpes pour l\u2019un des protagonistes et dans les ge\u00f4les de l\u2019h\u00f4tel de police pour un autre.<\/p>\n<p>Il \u00e9tait environ 23 heures, ce mardi 21\u00a0octobre, lorsqu\u2019une personne a appel\u00e9 le Samu, via le num\u00e9ro d\u2019urgence 15, pour signaler qu\u2019un homme \u00e2g\u00e9 d\u2019une vingtaine d\u2019ann\u00e9es avait besoin de soins apr\u00e8s avoir \u00e9t\u00e9 bless\u00e9 au niveau du cou.<\/p>\n<p>Le jeune homme se trouvait alors dans un appartement du chemin de la Poterne \u00e0 Grenoble o\u00f9 il avait pass\u00e9 la soir\u00e9e \u00e0 boire des verres avec sa compagne et un ami du couple, \u00e2g\u00e9 de 41 ans.<\/p>\n<p>Ce contenu est bloqu\u00e9 car vous n&rsquo;avez pas accept\u00e9 les cookies et autres traceurs.<\/p>\n<p>En cliquant sur \u00ab J\u2019accepte \u00bb, les cookies et autres traceurs seront d\u00e9pos\u00e9s et vous pourrez visualiser les contenus  (<a href=\"\" class=\"consentModule_policy\" target=\"_blank\" title=\"Consulter la politique de protection des donn\u00e9es du fournisseur\">plus d&rsquo;informations<\/a>).<\/p>\n<p>En cliquant sur \u00ab J\u2019accepte tous les cookies \u00bb, vous autorisez des d\u00e9p\u00f4ts de cookies et autres traceurs pour le stockage de vos donn\u00e9es sur nos sites et applications \u00e0 des fins de personnalisation et de ciblage publicitaire.<\/p>\n<p class=\"consentModule_secondaryText\">Vous gardez la possibilit\u00e9 de retirer votre consentement \u00e0 tout moment en consultant notre <a href=\"https:\/\/www.ledauphine.com\/protection-des-donnees\" target=\"_blank\" title=\"Consulter notre politique de protection des donn\u00e9es\" rel=\"noopener\">politique de protection des donn\u00e9es<\/a>. <br \/>&#13;<br \/>\n            <a href=\"https:\/\/www.ledauphine.com\/faits-divers-justice\/2025\/10\/22\/javascript:Didomi.notice.show()\" class=\"consentModule_cmp\" target=\"_blank\" rel=\"noopener\">G\u00e9rer mes choix<\/a>&#13;\n        <\/p>\n<p>&#13;<br \/>\n                        J&rsquo;accepte&#13;<br \/>\n            J&rsquo;accepte tous les cookies&#13;\n        <\/p>\n<p>Un \u00ab\u00a0ami\u00a0\u00bb avec lequel il s\u2019\u00e9tait disput\u00e9 pour une raison ind\u00e9termin\u00e9e et qui s\u2019\u00e9tait finalement saisi d\u2019un tire-bouchon avec lequel il lui avait port\u00e9 des coups.<\/p>\n<p>La victime a refus\u00e9 de d\u00e9poser plainte<\/p>\n<p>Pr\u00e9sentant deux plaies saignantes justifiant des points de suture, la victime (qui a refus\u00e9 de d\u00e9poser plainte) a \u00e9t\u00e9 conduite au CHU Grenoble-Alpes par les sapeurs-pompiers, lesquels ont alert\u00e9 les services de police comme la proc\u00e9dure l\u2019exige en cas d\u2019agression.<\/p>\n<p>Sur place, les policiers ont interpell\u00e9 le quadrag\u00e9naire \u2013 dans la poche duquel un couteau a \u00e9t\u00e9 d\u00e9couvert \u2014 qui a \u00e9t\u00e9 plac\u00e9 en garde \u00e0 vue pour \u00ab\u00a0violences avec arme par destination\u00a0\u00bb.<\/p>\n","protected":false},"excerpt":{"rendered":"La soir\u00e9e entre amis \u00e9tait cens\u00e9e \u00eatre festive, elle a fini aux urgences du CHU Grenoble-Alpes pour l\u2019un&hellip;\n","protected":false},"author":2,"featured_media":481655,"comment_status":"","ping_status":"","sticky":false,"template":"","format":"standard","meta":{"footnotes":""},"categories":[9566],"tags":[1111,11,2430,271,272,112,1777,674,274,107,1011,27,2731,2732,108,12,25],"class_list":{"0":"post-481654","1":"post","2":"type-post","3":"status-publish","4":"format-standard","5":"has-post-thumbnail","7":"category-grenoble","8":"tag-actu","9":"tag-actualites","10":"tag-auvergne-rhone-alpes","11":"tag-crime","12":"tag-delit-et-contravention","13":"tag-edition-grenoble-agglomeration","14":"tag-eu","15":"tag-europe","16":"tag-faits-divers-justice","17":"tag-fil-info","18":"tag-fr","19":"tag-france","20":"tag-grenoble","21":"tag-grenoble-bassin","22":"tag-isere","23":"tag-news","24":"tag-republique-francaise"},"share_on_mastodon":{"url":"https:\/\/pubeurope.com\/@fr\/115417118514162480","error":""},"_links":{"self":[{"href":"https:\/\/www.europesays.com\/fr\/wp-json\/wp\/v2\/posts\/481654","targetHints":{"allow":["GET"]}}],"collection":[{"href":"https:\/\/www.europesays.com\/fr\/wp-json\/wp\/v2\/posts"}],"about":[{"href":"https:\/\/www.europesays.com\/fr\/wp-json\/wp\/v2\/types\/post"}],"author":[{"embeddable":true,"href":"https:\/\/www.europesays.com\/fr\/wp-json\/wp\/v2\/users\/2"}],"replies":[{"embeddable":true,"href":"https:\/\/www.europesays.com\/fr\/wp-json\/wp\/v2\/comments?post=481654"}],"version-history":[{"count":0,"href":"https:\/\/www.europesays.com\/fr\/wp-json\/wp\/v2\/posts\/481654\/revisions"}],"wp:featuredmedia":[{"embeddable":true,"href":"https:\/\/www.europesays.com\/fr\/wp-json\/wp\/v2\/media\/481655"}],"wp:attachment":[{"href":"https:\/\/www.europesays.com\/fr\/wp-json\/wp\/v2\/media?parent=481654"}],"wp:term":[{"taxonomy":"category","embeddable":true,"href":"https:\/\/www.europesays.com\/fr\/wp-json\/wp\/v2\/categories?post=481654"},{"taxonomy":"post_tag","embeddable":true,"href":"https:\/\/www.europesays.com\/fr\/wp-json\/wp\/v2\/tags?post=481654"}],"curies":[{"name":"wp","href":"https:\/\/api.w.org\/{rel}","templated":true}]}}