{"id":481656,"date":"2025-10-22T09:30:14","date_gmt":"2025-10-22T09:30:14","guid":{"rendered":"https:\/\/www.europesays.com\/fr\/481656\/"},"modified":"2025-10-22T09:30:14","modified_gmt":"2025-10-22T09:30:14","slug":"neyrpic-fete-son-premier-anniversaire-en-grande-pompe","status":"publish","type":"post","link":"https:\/\/www.europesays.com\/fr\/481656\/","title":{"rendered":"Neyrpic f\u00eate son premier anniversaire en grande pompe"},"content":{"rendered":"<p>Pour c\u00e9l\u00e9brer comme il se doit ses un an, Neyrpic souhaite marquer le coup. <a href=\"https:\/\/www.ledauphine.com\/economie\/2024\/10\/02\/neyrpic-est-ouvert-le-public-est-(deja)-au-rendez-vous\" target=\"_blank\" rel=\"noopener\"> Inaugur\u00e9 le 2\u00a0octobre 2024<\/a> sur le site de l\u2019ancienne usine d\u2019\u00e9quipement hydraulique et de t\u00e9l\u00e9ph\u00e9riques, apr\u00e8s plus de vingt ans de d\u00e9bats, le p\u00f4le commercial et de loisirs s\u2019appr\u00eate \u00e0 souffler sa premi\u00e8re bougie. Et pour l\u2019occasion, \u00e0 partir de ce mercredi 22\u00a0octobre et jusqu\u2019au 1er \u00a0novembre, <a href=\"https:\/\/www.ledauphine.com\/economie\/2025\/04\/17\/isere-saint-martin-d-heres-paradis-du-fruit-hairdis-bagelstein-de-nouvelles-enseignes-arrivent-a-neyrpic-dans-les-semaines-a-venir\" target=\"_blank\" rel=\"noopener\">les clients du centre commercial<\/a> vont pouvoir profiter d\u2019animations, de spectacles, de concerts et m\u00eame pouvoir admirer un feu d\u2019artifice.<\/p>\n<p>Ce contenu est bloqu\u00e9 car vous n&rsquo;avez pas accept\u00e9 les cookies et autres traceurs.<\/p>\n<p>En cliquant sur \u00ab J\u2019accepte \u00bb, les cookies et autres traceurs seront d\u00e9pos\u00e9s et vous pourrez visualiser les contenus  (<a href=\"\" class=\"consentModule_policy\" target=\"_blank\" title=\"Consulter la politique de protection des donn\u00e9es du fournisseur\">plus d&rsquo;informations<\/a>).<\/p>\n<p>En cliquant sur \u00ab J\u2019accepte tous les cookies \u00bb, vous autorisez des d\u00e9p\u00f4ts de cookies et autres traceurs pour le stockage de vos donn\u00e9es sur nos sites et applications \u00e0 des fins de personnalisation et de ciblage publicitaire.<\/p>\n<p class=\"consentModule_secondaryText\">Vous gardez la possibilit\u00e9 de retirer votre consentement \u00e0 tout moment en consultant notre <a href=\"https:\/\/www.ledauphine.com\/protection-des-donnees\" target=\"_blank\" title=\"Consulter notre politique de protection des donn\u00e9es\" rel=\"noopener\">politique de protection des donn\u00e9es<\/a>. <br \/>&#13;<br \/>\n            <a href=\"https:\/\/www.ledauphine.com\/economie\/2025\/10\/22\/javascript:Didomi.notice.show()\" class=\"consentModule_cmp\" target=\"_blank\" rel=\"noopener\">G\u00e9rer mes choix<\/a>&#13;\n        <\/p>\n<p>&#13;<br \/>\n                        J&rsquo;accepte&#13;<br \/>\n            J&rsquo;accepte tous les cookies&#13;\n        <\/p>\n<p>  Une semaine d\u2019animations gratuites<\/p>\n<p>Le coup d\u2019envoi des festivit\u00e9s est donn\u00e9 ce mercredi, avec une danseuse bien connue du grand public\u00a0: Denitsa Ikonomova, qui a remport\u00e9 \u00e0 plusieurs reprises l\u2019\u00e9mission \u201cDanse avec les stars\u201d. Elle animera une initiation \u00e0 la danse \u00e0 14 heures, suivie d\u2019une s\u00e9ance photo ouverte au public.<\/p>\n<p>Ce samedi 25\u00a0octobre, place \u00e0 la f\u00eate\u00a0: le groupe ABBA Forever fera revivre les tubes du mythique quatuor su\u00e9dois \u00e0 partir de 15 heures, suivi d\u2019un show artistique cubiste, d\u2019un g\u00e2teau g\u00e9ant partag\u00e9 \u00e0 16\u00a0h\u00a030 et d\u2019un feu d\u2019artifice \u00e0 20 heures. Enfin, le samedi 1er \u00a0novembre, Neyrpic se mettra \u00e0 l\u2019heure d\u2019Halloween\u00a0: maquillage gratuit, flashmobs de morts-vivants et spectacles de cracheurs de feu viendront clore cette semaine d\u2019anniversaire spectaculaire.<\/p>\n<p class=\"note\">Animations gratuites, <a href=\"https:\/\/neyrpic.fr\/fr\/actualites\/evenements\/anniversaire_neyrpic\" target=\"_blank\" rel=\"noopener\">programme complet sur neyrpic.fr<\/a><\/p>\n","protected":false},"excerpt":{"rendered":"Pour c\u00e9l\u00e9brer comme il se doit ses un an, Neyrpic souhaite marquer le coup. Inaugur\u00e9 le 2\u00a0octobre 2024&hellip;\n","protected":false},"author":2,"featured_media":481657,"comment_status":"","ping_status":"","sticky":false,"template":"","format":"standard","meta":{"footnotes":""},"categories":[9566],"tags":[1111,11,2430,4406,130,33,112,1777,674,3326,107,1011,27,2731,108,1985,12,25,9448,11264],"class_list":{"0":"post-481656","1":"post","2":"type-post","3":"status-publish","4":"format-standard","5":"has-post-thumbnail","7":"category-grenoble","8":"tag-actu","9":"tag-actualites","10":"tag-auvergne-rhone-alpes","11":"tag-commerce-et-services","12":"tag-consommation","13":"tag-economie","14":"tag-edition-grenoble-agglomeration","15":"tag-eu","16":"tag-europe","17":"tag-fete-locale","18":"tag-fil-info","19":"tag-fr","20":"tag-france","21":"tag-grenoble","22":"tag-isere","23":"tag-metropole-de-grenoble","24":"tag-news","25":"tag-republique-francaise","26":"tag-saint-martin-dheres","27":"tag-saint-martin-dheres-bassin"},"share_on_mastodon":{"url":"https:\/\/pubeurope.com\/@fr\/115417122377798242","error":""},"_links":{"self":[{"href":"https:\/\/www.europesays.com\/fr\/wp-json\/wp\/v2\/posts\/481656","targetHints":{"allow":["GET"]}}],"collection":[{"href":"https:\/\/www.europesays.com\/fr\/wp-json\/wp\/v2\/posts"}],"about":[{"href":"https:\/\/www.europesays.com\/fr\/wp-json\/wp\/v2\/types\/post"}],"author":[{"embeddable":true,"href":"https:\/\/www.europesays.com\/fr\/wp-json\/wp\/v2\/users\/2"}],"replies":[{"embeddable":true,"href":"https:\/\/www.europesays.com\/fr\/wp-json\/wp\/v2\/comments?post=481656"}],"version-history":[{"count":0,"href":"https:\/\/www.europesays.com\/fr\/wp-json\/wp\/v2\/posts\/481656\/revisions"}],"wp:featuredmedia":[{"embeddable":true,"href":"https:\/\/www.europesays.com\/fr\/wp-json\/wp\/v2\/media\/481657"}],"wp:attachment":[{"href":"https:\/\/www.europesays.com\/fr\/wp-json\/wp\/v2\/media?parent=481656"}],"wp:term":[{"taxonomy":"category","embeddable":true,"href":"https:\/\/www.europesays.com\/fr\/wp-json\/wp\/v2\/categories?post=481656"},{"taxonomy":"post_tag","embeddable":true,"href":"https:\/\/www.europesays.com\/fr\/wp-json\/wp\/v2\/tags?post=481656"}],"curies":[{"name":"wp","href":"https:\/\/api.w.org\/{rel}","templated":true}]}}