{"id":481658,"date":"2025-10-22T09:31:09","date_gmt":"2025-10-22T09:31:09","guid":{"rendered":"https:\/\/www.europesays.com\/fr\/481658\/"},"modified":"2025-10-22T09:31:09","modified_gmt":"2025-10-22T09:31:09","slug":"le-conducteur-devant-les-juges","status":"publish","type":"post","link":"https:\/\/www.europesays.com\/fr\/481658\/","title":{"rendered":"le conducteur devant les juges"},"content":{"rendered":"<p>            Par<br \/>\n        <strong><br \/>\n            <a href=\"https:\/\/actu.fr\/auteur\/redaction-rennes\" title=\"Consulter tous les articles de R\u00e9daction Rennes\" target=\"_blank\" rel=\"noopener\">R\u00e9daction Rennes<\/a><br \/>\n        <\/strong><\/p>\n<p>        Publi\u00e9 le<\/p>\n<p>            22 oct. 2025 \u00e0 11h09        <\/p>\n<p>L\u2019accident s\u2019\u00e9tait produit<strong> le 25\u00a0novembre 2021<\/strong> au matin sur <strong>l\u2019avenue Gros-Malhon<\/strong> au niveau du cimeti\u00e8re du Nord, au nord de Rennes. <strong>Jean-Pierre, 68\u00a0ans<\/strong>, avait \u00e9t\u00e9 percut\u00e9 sur le passage pi\u00e9ton devant le cimeti\u00e8re <strong>par le v\u00e9hicule conduit par Guy,<\/strong> qui venait de Saint-Gr\u00e9goire. L\u2019automobiliste avait lui-m\u00eame <strong>\u00ab\u2009appel\u00e9 les secours\u2009\u00bb<\/strong> et <strong>\u00ab\u2009port\u00e9 assistance\u2009\u00bb<\/strong> \u00e0 la victime, est-il indiqu\u00e9 lors de l\u2019audience, au tribunal correctionnel de Rennes, jeudi 16 octobre 2025.<\/p>\n<p>D\u00e9c\u00e9d\u00e9 deux ans plus tard<\/p>\n<p class=\" wall-content\">Jean-Pierre n\u2019\u00e9tait <strong>pas mort sur le coup<\/strong>\u2009: il avait \u00e9t\u00e9 transport\u00e9 \u00e0 l\u2019h\u00f4pital de Pontchaillou avec un <strong>\u00ab\u2009polytraumatisme\u2009\u00bb,<\/strong> des <strong>\u00ab\u2009saignements\u2009\u00bb,<\/strong> des <strong>\u00ab\u2009fractures faciales\u2009\u00bb<\/strong> et des <strong>\u00ab\u2009membres inf\u00e9rieurs\u2009\u00bb.<\/strong><\/p>\n<p class=\" wall-content\">Il \u00e9tait d\u00e9c\u00e9d\u00e9 <strong>au centre de r\u00e9\u00e9ducation Saint-H\u00e9lier<\/strong> pr\u00e8s de deux ans plus tard, le 24\u00a0ao\u00fbt 2023, sans avoir jamais regagn\u00e9 son domicile depuis l\u2019accident. <strong>L\u2019autopsie<\/strong> avait attribu\u00e9 le d\u00e9c\u00e8s \u00e0 <strong>une \u00ab\u2009st\u00e9nose trach\u00e9ale\u2009\u00bb<\/strong> (un r\u00e9tr\u00e9cissement anormal de la trach\u00e9e) survenue apr\u00e8s une \u00ab\u2009trach\u00e9otomie\u2009\u00bb, qui r\u00e9sultait de \u00ab\u2009l\u2019\u00e9volution de son \u00e9tat apr\u00e8s l\u2019accident\u2009\u00bb.<\/p>\n<p>Le conducteur n\u2019a \u00ab\u2009pas vu\u2009\u00bb la victime<\/p>\n<p class=\" wall-content\">Entendu en f\u00e9vrier\u00a02024, Guy avait expliqu\u00e9 <strong>qu\u2019il roulait \u00e0 \u00ab\u200930-40\u00a0km\/h\u2009\u00bb<\/strong> pour se rendre \u00e0 un \u00ab\u2009rendez-vous m\u00e9dical\u2009\u00bb en passant par cette route qu\u2019il \u00ab\u2009empruntait r\u00e9guli\u00e8rement\u2009\u00bb.<\/p>\n<p class=\" wall-content\">Il affirmait n\u2019avoir<strong> \u00ab\u2009pas vu\u2009\u00bb la victime<\/strong> en raison de la \u00ab\u2009pluie\u2009\u00bb et de la \u00ab\u2009p\u00e9nombre\u2009\u00bb\u2009: il n\u2019avait pris conscience d\u2019avoir percut\u00e9 quelqu\u2019un qu\u2019apr\u00e8s avoir entendu <strong>un \u00ab\u2009impact sur son pare-brise\u2009\u00bb.<\/strong> Un t\u00e9moin avait d\u2019ailleurs \u00e9t\u00e9 <strong>\u00ab\u2009surpris\u2009\u00bb par \u00ab\u2009l\u2019attitude\u2009\u00bb du pi\u00e9ton,<\/strong> qui marchait \u00ab\u2009les yeux riv\u00e9s sur le sol\u2009\u00bb et avait d\u00e9j\u00e0 manqu\u00e9 de se faire percuter par un premier v\u00e9hicule.<\/p>\n<p>Votre r\u00e9gion, votre actu !<\/p>\n<p>Recevez chaque jour les infos qui comptent pour vous.<\/p>\n<p>\t<a href=\"https:\/\/actu.fr\/newsletter\" class=\"ac-btn ac-btn--corner ac-btn--medium ac-btn--blue800\" target=\"_blank\" rel=\"noopener\">S&rsquo;incrire<\/a><br \/>\nUn passage pi\u00e9ton jug\u00e9 dangereux<\/p>\n<p class=\" wall-content\">Devant le tribunal correctionnel de Rennes, jeudi 16\u00a0octobre 2025, Guy \u2013 aujourd\u2019hui \u00e2g\u00e9 de 57\u00a0ans \u2013 a fait part de <strong>ses \u00ab\u2009pens\u00e9es\u2009\u00bb pour la famille du d\u00e9funt,<\/strong> dont il n\u2019a appris le d\u00e9c\u00e8s que \u00ab\u2009d\u00e9but 2024\u2009\u00bb.<\/p>\n<p class=\" wall-content\">\u00ab\u2009La particularit\u00e9 de <strong>ce passage pi\u00e9ton,<\/strong> c\u2019est qu\u2019<strong>on ne le voit pas \u00e0 l\u2019avance\u2009\u00bb,<\/strong> tente-t-il de justifier\u2009: l\u2019endroit est \u00ab\u2009en descente\u2009\u00bb et \u00ab\u2009peu s\u00e9curis\u00e9\u2009\u00bb. \u00ab\u2009\u00c7a ne m\u2019\u00e9tonnerait pas s\u2019il y avait un autre accident\u2009\u00bb, juge <strong>ce responsable de la s\u00e9curit\u00e9 routi\u00e8re<\/strong> pour une entreprise de commerce alimentaire, qui assure \u00eatre \u00ab\u2009tr\u00e8s sensible\u2009\u00bb aux risques routiers.<\/p>\n<p>Une \u00ab\u2009faute d\u2019imprudence\u2009\u00bb<\/p>\n<p class=\" wall-content\">Reste que \u00ab\u2009quand on est au volant d\u2019un v\u00e9hicule, il faut toujours \u00eatre vigilant\u2009\u00bb, ass\u00e8ne l\u2019avocate de la famille de la victime. Or Guy a pr\u00e9cis\u00e9ment<strong> \u00ab\u2009manqu\u00e9 de vigilance\u2009\u00bb<\/strong> en \u00ab\u2009n\u2019adaptant pas son allure\u2009\u00bb au danger. <strong>La famille<\/strong> de Jean-Pierre est aujourd\u2019hui <strong>\u00ab\u2009compl\u00e8tement d\u00e9truite\u2009\u00bb,<\/strong> fait valoir Me Laura Sirgant. Elle ne demande pas d\u2019indemnisation, car une \u00ab\u2009expertise\u2009\u00bb est n\u00e9cessaire pour chiffrer les \u00ab\u2009pr\u00e9judices\u2009\u00bb de ses clients.<\/p>\n<p class=\" wall-content\">Guy a commis une \u00ab\u2009faute d\u2019imprudence\u2009\u00bb, confirme le procureur de la R\u00e9publique, qui avait requis six mois de prison avec sursis. Il avait demand\u00e9 au passage<strong> la requalification de cet \u00ab\u2009homicide involontaire\u2009\u00bb<\/strong> en \u00ab\u2009blessures involontaires avec incapacit\u00e9 sup\u00e9rieure \u00e0 trois mois\u2009\u00bb en raison du \u00ab\u2009lien de causalit\u00e9 indirecte\u2009\u00bb entre l\u2019accident et la mort de Jean-Pierre.<\/p>\n<p class=\" wall-content\">L\u2019avocat de Guy, Me Pascal Robin, avait jug\u00e9 cette requalification \u00ab\u2009l\u00e9gitime\u2009\u00bb et demand\u00e9 aux juges rennais de <strong>\u00ab\u2009faire preuve d\u2019indulgence\u2009\u00bb<\/strong> envers son client, p\u00e8re de trois enfants et jamais inqui\u00e9t\u00e9 par la justice jusqu\u2019alors. Le tribunal s\u2019est finalement rang\u00e9 aux r\u00e9quisitions du parquet.<\/p>\n<p class=\" wall-content\"><strong>RB et GF (PressPepper)<\/strong><\/p>\n<p class=\" wall-content\">Personnalisez votre actualit\u00e9 en ajoutant vos villes et m\u00e9dias en favori avec <a href=\"https:\/\/moncompte.actu.fr\" title=\"D\u00e9couvez Mon Actu\" rel=\"nofollow noopener\" data-trk=\"{&quot;cta&quot;:{&quot;action&quot;:&quot;https:\\\/\\\/moncompte.actu.fr&quot;,&quot;category&quot;:&quot;mon compte&quot;,&quot;from&quot;:&quot;article footer&quot;,&quot;name&quot;:&quot;Mon actu&quot;,&quot;type&quot;:&quot;cta&quot;}}\" target=\"_blank\">Mon Actu<\/a>.<\/p>\n","protected":false},"excerpt":{"rendered":"Par R\u00e9daction Rennes Publi\u00e9 le 22 oct. 2025 \u00e0 11h09 L\u2019accident s\u2019\u00e9tait produit le 25\u00a0novembre 2021 au matin&hellip;\n","protected":false},"author":2,"featured_media":481659,"comment_status":"","ping_status":"","sticky":false,"template":"","format":"standard","meta":{"footnotes":""},"categories":[2821],"tags":[1111,11,829,1777,674,118,1011,27,303,12,584,25,5009],"class_list":{"0":"post-481658","1":"post","2":"type-post","3":"status-publish","4":"format-standard","5":"has-post-thumbnail","7":"category-rennes","8":"tag-actu","9":"tag-actualites","10":"tag-bretagne","11":"tag-eu","12":"tag-europe","13":"tag-faits-divers","14":"tag-fr","15":"tag-france","16":"tag-justice","17":"tag-news","18":"tag-rennes","19":"tag-republique-francaise","20":"tag-securite-routiere"},"share_on_mastodon":{"url":"https:\/\/pubeurope.com\/@fr\/115417126252735288","error":""},"_links":{"self":[{"href":"https:\/\/www.europesays.com\/fr\/wp-json\/wp\/v2\/posts\/481658","targetHints":{"allow":["GET"]}}],"collection":[{"href":"https:\/\/www.europesays.com\/fr\/wp-json\/wp\/v2\/posts"}],"about":[{"href":"https:\/\/www.europesays.com\/fr\/wp-json\/wp\/v2\/types\/post"}],"author":[{"embeddable":true,"href":"https:\/\/www.europesays.com\/fr\/wp-json\/wp\/v2\/users\/2"}],"replies":[{"embeddable":true,"href":"https:\/\/www.europesays.com\/fr\/wp-json\/wp\/v2\/comments?post=481658"}],"version-history":[{"count":0,"href":"https:\/\/www.europesays.com\/fr\/wp-json\/wp\/v2\/posts\/481658\/revisions"}],"wp:featuredmedia":[{"embeddable":true,"href":"https:\/\/www.europesays.com\/fr\/wp-json\/wp\/v2\/media\/481659"}],"wp:attachment":[{"href":"https:\/\/www.europesays.com\/fr\/wp-json\/wp\/v2\/media?parent=481658"}],"wp:term":[{"taxonomy":"category","embeddable":true,"href":"https:\/\/www.europesays.com\/fr\/wp-json\/wp\/v2\/categories?post=481658"},{"taxonomy":"post_tag","embeddable":true,"href":"https:\/\/www.europesays.com\/fr\/wp-json\/wp\/v2\/tags?post=481658"}],"curies":[{"name":"wp","href":"https:\/\/api.w.org\/{rel}","templated":true}]}}