{"id":481660,"date":"2025-10-22T09:32:15","date_gmt":"2025-10-22T09:32:15","guid":{"rendered":"https:\/\/www.europesays.com\/fr\/481660\/"},"modified":"2025-10-22T09:32:15","modified_gmt":"2025-10-22T09:32:15","slug":"rennes-deux-lyceens-condamnes-pour-avoir-pirate-pronote-et-modifie-leurs-notes-du-baccalaureat","status":"publish","type":"post","link":"https:\/\/www.europesays.com\/fr\/481660\/","title":{"rendered":"Rennes : deux lyc\u00e9ens condamn\u00e9s pour avoir pirat\u00e9 Pronote et modifi\u00e9 leurs notes du baccalaur\u00e9at"},"content":{"rendered":"<p class=\"paragraph text_align_left lp-f-body-02\">Deux \u00e9l\u00e8ves du lyc\u00e9e Br\u00e9quigny de Rennes (<a href=\"https:\/\/www.leparisien.fr\/ille-et-vilaine-35\/\" target=\"_blank\" rel=\"noreferrer nofollow noopener\">Ille-et-Vilaine<\/a>) ont \u00e9t\u00e9 condamn\u00e9s dans le cadre d\u2019une proc\u00e9dure de comparution sur reconnaissance pr\u00e9alable de culpabilit\u00e9 (CRPC), jeudi 9 octobre 2025, pour avoir pirat\u00e9 <a href=\"https:\/\/www.leparisien.fr\/societe\/droit-ou-obligation-a-la-deconnexion-au-college-et-au-lycee-lenfer-de-pronote-et-des-espaces-numeriques-14-03-2025-IXQBXL5CSJDOFMCB6EZFLG6HQM.php\" target=\"_blank\" rel=\"noreferrer nofollow noopener\">le logiciel Pronote<\/a>, modifiant notes et appr\u00e9ciations du contr\u00f4le continu du baccalaur\u00e9at.<\/p>\n<p class=\"paragraph text_align_left lp-f-body-02\">Le directeur de l\u2019\u00e9tablissement avait donn\u00e9 l\u2019alerte le 7 juin 2023 apr\u00e8s avoir constat\u00e9 \u00ab une introduction dans le syst\u00e8me de donn\u00e9es Pronote \u00bb : des modifications des notes et appr\u00e9ciations avaient \u00e9t\u00e9 r\u00e9alis\u00e9es par Zllatan B., qui \u00e9tait \u00ab d\u00e9l\u00e9gu\u00e9 de classe \u00bb malgr\u00e9 des \u00ab incidents \u00e0 r\u00e9p\u00e9tition \u00bb en cours. Peu de temps apr\u00e8s, le rectorat de l\u2019acad\u00e9mie de Rennes remonte \u00e0 son retour \u00ab une tentative de fraude aux \u00e9preuves du baccalaur\u00e9at \u00bb : les notes avaient \u00e9t\u00e9 \u00ab remont\u00e9es dans ParcourSup \u00bb, notamment via le compte pirat\u00e9 de la proviseure adjointe du lyc\u00e9e. En octobre 2023, les \u00e9quipes \u00e9ducatives s\u2019aper\u00e7oivent m\u00eame qu\u2019une \u00ab classe fictive de Segpa \u00bb avait \u00e9t\u00e9 cr\u00e9\u00e9e sur Pronote\u2026<\/p>\n","protected":false},"excerpt":{"rendered":"Deux \u00e9l\u00e8ves du lyc\u00e9e Br\u00e9quigny de Rennes (Ille-et-Vilaine) ont \u00e9t\u00e9 condamn\u00e9s dans le cadre d\u2019une proc\u00e9dure de comparution&hellip;\n","protected":false},"author":2,"featured_media":481661,"comment_status":"","ping_status":"","sticky":false,"template":"","format":"standard","meta":{"footnotes":""},"categories":[2821],"tags":[1111,11,829,459,1777,674,118,1011,27,12,584,25],"class_list":{"0":"post-481660","1":"post","2":"type-post","3":"status-publish","4":"format-standard","5":"has-post-thumbnail","7":"category-rennes","8":"tag-actu","9":"tag-actualites","10":"tag-bretagne","11":"tag-departements-horsidfo","12":"tag-eu","13":"tag-europe","14":"tag-faits-divers","15":"tag-fr","16":"tag-france","17":"tag-news","18":"tag-rennes","19":"tag-republique-francaise"},"share_on_mastodon":{"url":"https:\/\/pubeurope.com\/@fr\/115417130260707900","error":""},"_links":{"self":[{"href":"https:\/\/www.europesays.com\/fr\/wp-json\/wp\/v2\/posts\/481660","targetHints":{"allow":["GET"]}}],"collection":[{"href":"https:\/\/www.europesays.com\/fr\/wp-json\/wp\/v2\/posts"}],"about":[{"href":"https:\/\/www.europesays.com\/fr\/wp-json\/wp\/v2\/types\/post"}],"author":[{"embeddable":true,"href":"https:\/\/www.europesays.com\/fr\/wp-json\/wp\/v2\/users\/2"}],"replies":[{"embeddable":true,"href":"https:\/\/www.europesays.com\/fr\/wp-json\/wp\/v2\/comments?post=481660"}],"version-history":[{"count":0,"href":"https:\/\/www.europesays.com\/fr\/wp-json\/wp\/v2\/posts\/481660\/revisions"}],"wp:featuredmedia":[{"embeddable":true,"href":"https:\/\/www.europesays.com\/fr\/wp-json\/wp\/v2\/media\/481661"}],"wp:attachment":[{"href":"https:\/\/www.europesays.com\/fr\/wp-json\/wp\/v2\/media?parent=481660"}],"wp:term":[{"taxonomy":"category","embeddable":true,"href":"https:\/\/www.europesays.com\/fr\/wp-json\/wp\/v2\/categories?post=481660"},{"taxonomy":"post_tag","embeddable":true,"href":"https:\/\/www.europesays.com\/fr\/wp-json\/wp\/v2\/tags?post=481660"}],"curies":[{"name":"wp","href":"https:\/\/api.w.org\/{rel}","templated":true}]}}