{"id":481675,"date":"2025-10-22T09:40:19","date_gmt":"2025-10-22T09:40:19","guid":{"rendered":"https:\/\/www.europesays.com\/fr\/481675\/"},"modified":"2025-10-22T09:40:19","modified_gmt":"2025-10-22T09:40:19","slug":"une-octogenaire-se-fait-violemment-arracher-son-collier-dune-valeur-de-15-000-euros","status":"publish","type":"post","link":"https:\/\/www.europesays.com\/fr\/481675\/","title":{"rendered":"une octog\u00e9naire se fait violemment arracher son collier d\u2019une valeur de 15.000 euros"},"content":{"rendered":"<p>\n    Mardi, en fin d\u2019apr\u00e8s-midi, une femme de 88 ans a \u00e9t\u00e9 victime d\u2019un vol dans le quartier du parc Rivi\u00e8re, \u00e0 Bordeaux. Son pendentif, serti de pierres pr\u00e9cieuses, lui a \u00e9t\u00e9 arrach\u00e9 au cou.<\/p>\n<p class=\"fig-paragraph\">L\u2019agression s\u2019est produite ce mardi, vers 17h20, rue de Laseppe, dans le quartier du parc Rivi\u00e8re, entre les rues des\u00a0<a href=\"https:\/\/www.lefigaro.fr\/bordeaux\/bordeaux-pourquoi-certains-riverains-s-opposent-au-projet-de-transformation-de-la-place-des-chartrons-20250331?msockid=258c4318a154643d05395665a0ed65f9\" target=\"_blank\" data-fig-type=\"NewsFlash\" rel=\"sponsored noopener nofollow\" data-gtm-custom-categorie=\"navigation\" data-gtm-custom-action=\"crossclick\" data-gtm-custom-label=\"Contextuel\" data-gtm-event=\"customEventSPE\" data-fig-domain=\"LEFIGARO\">Chartrons<\/a>\u00a0et la cit\u00e9 du Grand Parc, \u00e0\u00a0<a href=\"http:\/\/www.lefigaro.fr\/bordeaux\/bordeaux-un-homme-condamne-a-2-ans-et-demi-de-prison-pour-la-violente-agression-d-une-octogenaire-20251021\" data-fig-type=\"NewsFlash\" data-gtm-custom-categorie=\"navigation\" data-gtm-custom-action=\"crossclick\" data-gtm-custom-label=\"Contextuel\" data-gtm-event=\"customEventSPE\" data-fig-domain=\"LEFIGARO\" rel=\"nofollow noopener\" target=\"_blank\">Bordeaux<\/a>. Une femme \u00e2g\u00e9e de 88 ans allait paisiblement chercher son pain, quand elle a \u00e9t\u00e9 violemment agress\u00e9e par un individu. Ce dernier lui a arrach\u00e9 son collier, orn\u00e9 de rubis et de diamants, et \u00abd\u2019une valeur de 15.000 euros\u00bb, selon une source polici\u00e8re. Le malfaiteur a pris la fuite apr\u00e8s s\u2019\u00eatre empar\u00e9 du bijou.<\/p>\n<p>Agresseur introuvable<\/p>\n<p class=\"fig-paragraph\">L\u2019octog\u00e9naire a imm\u00e9diatement appel\u00e9 la police. Malgr\u00e9 leur intervention rapide, le voleur n\u2019a pas pu \u00eatre intercept\u00e9. Le quartier, habituellement calme \u00e0 cette heure de la journ\u00e9e, a \u00e9t\u00e9 quadrill\u00e9 par plusieurs patrouilles pour tenter de retrouver le malfrat. Des images de vid\u00e9oprotection pourraient \u00eatre exploit\u00e9es dans les prochaines heures pour l\u2019identifier.<\/p>\n<p>                                    <a class=\"fig-a11y-skip a11y-hidden\" href=\"#fig-a11y-skip-main-inarticle\"><br \/>\n        Passer la publicit\u00e9<br \/>\n    <\/a><\/p>\n<p class=\"fig-paragraph\">La police a ouvert une enqu\u00eate et la victime a port\u00e9 plainte. Les investigations ont \u00e9t\u00e9 confi\u00e9es au Service local de police judiciaire (SLPJ) de la Division centre.<\/p>\n","protected":false},"excerpt":{"rendered":"Mardi, en fin d\u2019apr\u00e8s-midi, une femme de 88 ans a \u00e9t\u00e9 victime d\u2019un vol dans le quartier du&hellip;\n","protected":false},"author":2,"featured_media":481676,"comment_status":"","ping_status":"","sticky":false,"template":"","format":"standard","meta":{"footnotes":""},"categories":[2817],"tags":[1111,11,1997,1777,674,118,1011,27,12,2219,25,1175],"class_list":{"0":"post-481675","1":"post","2":"type-post","3":"status-publish","4":"format-standard","5":"has-post-thumbnail","7":"category-bordeaux","8":"tag-actu","9":"tag-actualites","10":"tag-bordeaux","11":"tag-eu","12":"tag-europe","13":"tag-faits-divers","14":"tag-fr","15":"tag-france","16":"tag-news","17":"tag-nouvelle-aquitaine","18":"tag-republique-francaise","19":"tag-vol"},"share_on_mastodon":{"url":"https:\/\/pubeurope.com\/@fr\/115417161653153700","error":""},"_links":{"self":[{"href":"https:\/\/www.europesays.com\/fr\/wp-json\/wp\/v2\/posts\/481675","targetHints":{"allow":["GET"]}}],"collection":[{"href":"https:\/\/www.europesays.com\/fr\/wp-json\/wp\/v2\/posts"}],"about":[{"href":"https:\/\/www.europesays.com\/fr\/wp-json\/wp\/v2\/types\/post"}],"author":[{"embeddable":true,"href":"https:\/\/www.europesays.com\/fr\/wp-json\/wp\/v2\/users\/2"}],"replies":[{"embeddable":true,"href":"https:\/\/www.europesays.com\/fr\/wp-json\/wp\/v2\/comments?post=481675"}],"version-history":[{"count":0,"href":"https:\/\/www.europesays.com\/fr\/wp-json\/wp\/v2\/posts\/481675\/revisions"}],"wp:featuredmedia":[{"embeddable":true,"href":"https:\/\/www.europesays.com\/fr\/wp-json\/wp\/v2\/media\/481676"}],"wp:attachment":[{"href":"https:\/\/www.europesays.com\/fr\/wp-json\/wp\/v2\/media?parent=481675"}],"wp:term":[{"taxonomy":"category","embeddable":true,"href":"https:\/\/www.europesays.com\/fr\/wp-json\/wp\/v2\/categories?post=481675"},{"taxonomy":"post_tag","embeddable":true,"href":"https:\/\/www.europesays.com\/fr\/wp-json\/wp\/v2\/tags?post=481675"}],"curies":[{"name":"wp","href":"https:\/\/api.w.org\/{rel}","templated":true}]}}