{"id":481686,"date":"2025-10-22T09:46:17","date_gmt":"2025-10-22T09:46:17","guid":{"rendered":"https:\/\/www.europesays.com\/fr\/481686\/"},"modified":"2025-10-22T09:46:17","modified_gmt":"2025-10-22T09:46:17","slug":"le-terminal-1-de-laeroport-marseille-provence-evacue-ce-mercredi-en-raison-dun-colis-suspect","status":"publish","type":"post","link":"https:\/\/www.europesays.com\/fr\/481686\/","title":{"rendered":"le Terminal 1 de l&rsquo;a\u00e9roport Marseille-Provence \u00e9vacu\u00e9 ce mercredi en raison d&rsquo;un colis suspect"},"content":{"rendered":"<p>Ce mercredi 22 octobre dans la matin\u00e9e, le terminal 1 (ancien Hall3) de l&rsquo;<a href=\"https:\/\/www.laprovence.com\/article\/economie\/2003505145692615\/nouveau-logo-nouvelle-couleur-nouvelle-identite-l-aeroport-marseille-provence-change-de-visage-et-de-cap\" target=\"_blank\" rel=\"noopener\">a\u00e9roport Marseille-Provence<\/a> a \u00e9t\u00e9 \u00e9vacu\u00e9 un moment, juste un peu avant 10 heures. Et ce en raison d&rsquo;une alerte \u00e0 la bombe : \u00ab\u00a0Une suspicion d&rsquo;engin explosif improvis\u00e9\u00a0\u00bb, nous pr\u00e9cise-t-on.<\/p>\n<p>Les d\u00e9mineurs sont intervenus afin de lever toute forme de doute. \u00c0 11 heures, tout est revenu \u00e0 la normale pr\u00e9cisent les autorit\u00e9s a\u00e9roportuaires.<\/p>\n","protected":false},"excerpt":{"rendered":"Ce mercredi 22 octobre dans la matin\u00e9e, le terminal 1 (ancien Hall3) de l&rsquo;a\u00e9roport Marseille-Provence a \u00e9t\u00e9 \u00e9vacu\u00e9&hellip;\n","protected":false},"author":2,"featured_media":481687,"comment_status":"","ping_status":"","sticky":false,"template":"","format":"standard","meta":{"footnotes":""},"categories":[2814],"tags":[17,1111,11,898,10489,1777,674,13275,274,1011,27,46482,884,8895,6774,12,882,25,7729],"class_list":{"0":"post-481686","1":"post","2":"type-post","3":"status-publish","4":"format-standard","5":"has-post-thumbnail","7":"category-marseille","8":"tag-17","9":"tag-actu","10":"tag-actualites","11":"tag-alerte","12":"tag-bombe","13":"tag-eu","14":"tag-europe","15":"tag-evacue","16":"tag-faits-divers-justice","17":"tag-fr","18":"tag-france","19":"tag-laeroport","20":"tag-marseille","21":"tag-marseille-provence","22":"tag-mercredi","23":"tag-news","24":"tag-provence-alpes-cote-dazur","25":"tag-republique-francaise","26":"tag-terminal"},"share_on_mastodon":{"url":"https:\/\/pubeurope.com\/@fr\/115417185293814354","error":""},"_links":{"self":[{"href":"https:\/\/www.europesays.com\/fr\/wp-json\/wp\/v2\/posts\/481686","targetHints":{"allow":["GET"]}}],"collection":[{"href":"https:\/\/www.europesays.com\/fr\/wp-json\/wp\/v2\/posts"}],"about":[{"href":"https:\/\/www.europesays.com\/fr\/wp-json\/wp\/v2\/types\/post"}],"author":[{"embeddable":true,"href":"https:\/\/www.europesays.com\/fr\/wp-json\/wp\/v2\/users\/2"}],"replies":[{"embeddable":true,"href":"https:\/\/www.europesays.com\/fr\/wp-json\/wp\/v2\/comments?post=481686"}],"version-history":[{"count":0,"href":"https:\/\/www.europesays.com\/fr\/wp-json\/wp\/v2\/posts\/481686\/revisions"}],"wp:featuredmedia":[{"embeddable":true,"href":"https:\/\/www.europesays.com\/fr\/wp-json\/wp\/v2\/media\/481687"}],"wp:attachment":[{"href":"https:\/\/www.europesays.com\/fr\/wp-json\/wp\/v2\/media?parent=481686"}],"wp:term":[{"taxonomy":"category","embeddable":true,"href":"https:\/\/www.europesays.com\/fr\/wp-json\/wp\/v2\/categories?post=481686"},{"taxonomy":"post_tag","embeddable":true,"href":"https:\/\/www.europesays.com\/fr\/wp-json\/wp\/v2\/tags?post=481686"}],"curies":[{"name":"wp","href":"https:\/\/api.w.org\/{rel}","templated":true}]}}