{"id":481690,"date":"2025-10-22T09:48:19","date_gmt":"2025-10-22T09:48:19","guid":{"rendered":"https:\/\/www.europesays.com\/fr\/481690\/"},"modified":"2025-10-22T09:48:19","modified_gmt":"2025-10-22T09:48:19","slug":"une-nouvelle-secretaire-generale-pour-la-capeb-rhone-et-grand-lyon","status":"publish","type":"post","link":"https:\/\/www.europesays.com\/fr\/481690\/","title":{"rendered":"Une nouvelle secr\u00e9taire g\u00e9n\u00e9rale pour la Capeb Rh\u00f4ne et Grand Lyon"},"content":{"rendered":"<p><img loading=\"lazy\" decoding=\"async\" alt=\"\u00a9 DR - Julie Veyrier est la nouvelle secr\u00e9taire g\u00e9n\u00e9rale de la Capeb Rh\u00f4ne et Grand Lyon.\" data-zoom-src=\"https:\/\/www.europesays.com\/fr\/wp-content\/uploads\/2025\/10\/initial-julie-veyrier-capeb-rhone-et-grand-lyon.jpg\" data-zoomable=\"\" height=\"702\" src=\"https:\/\/www.europesays.com\/fr\/wp-content\/uploads\/2025\/10\/initial-julie-veyrier-capeb-rhone-et-grand-lyon.jpg\" width=\"1248\"\/>  <\/p>\n<p class=\"article-desc\">\u00a9 DR &#8211; Julie Veyrier est la nouvelle secr\u00e9taire g\u00e9n\u00e9rale de la Capeb Rh\u00f4ne et Grand Lyon. <\/p>\n<p>Deux ans \u00e0 peine apr\u00e8s son arriv\u00e9e, <a href=\"https:\/\/mesinfos.fr\/69000-lyon\/nathalie-tissier-chauveau-une-touche-a-tout-a-la-capeb-rhone-et-grand-lyon-190622.html\" target=\"_blank\" rel=\"noopener\">Nathalie Tissier-Chauveau<\/a> a fait le choix de quitter son poste de<strong> secr\u00e9taire g\u00e9n\u00e9rale de la Capeb Rh\u00f4ne et Grand Lyon<\/strong>. C&rsquo;est <strong>Julie Veyrier<\/strong>, secr\u00e9taire g\u00e9n\u00e9rale adjointe depuis 2018, qui lui succ\u00e8de. <\/p>\n<p>Julie Veyrier, nouvelle secr\u00e9taire g\u00e9n\u00e9rale de la Capeb Rh\u00f4ne et Grand Lyon <\/p>\n<p>Titulaire d&rsquo;un master 2 en droit des affaires, obtenu \u00e0 l&rsquo;universit\u00e9 de Saint-\u00c9tienne, Julie Veyrier avait rejoint la Capeb en 2012, au poste de juriste.\u00a0 <\/p>\n<p>Sa mission de secr\u00e9taire g\u00e9n\u00e9rale de la Capeb Rh\u00f4ne et Grand Lyon sera triple : \u00ab\u00a0Restructurer et dynamiser notre organisation pour encore mieux r\u00e9pondre aux d\u00e9fis du secteur, donner plus de visibilit\u00e9 \u00e0 la Capeb Rh\u00f4ne et Grand Lyon et \u00e0 nos artisans, et enfin d\u00e9fendre et accompagner nos adh\u00e9rents au quotidien dans leurs projets comme dans leurs combats\u00a0\u00bb, a-t-elle expliqu\u00e9 sur Linkedin.<\/p>\n","protected":false},"excerpt":{"rendered":"\u00a9 DR &#8211; Julie Veyrier est la nouvelle secr\u00e9taire g\u00e9n\u00e9rale de la Capeb Rh\u00f4ne et Grand Lyon. Deux&hellip;\n","protected":false},"author":2,"featured_media":481691,"comment_status":"","ping_status":"","sticky":false,"template":"","format":"standard","meta":{"footnotes":""},"categories":[1889],"tags":[1111,11,2430,59419,60520,1777,674,1011,27,2428,12,9350,25],"class_list":{"0":"post-481690","1":"post","2":"type-post","3":"status-publish","4":"format-standard","5":"has-post-thumbnail","7":"category-lyon","8":"tag-actu","9":"tag-actualites","10":"tag-auvergne-rhone-alpes","11":"tag-capeb","12":"tag-capeb-rhu00f4ne-et-grand-lyon","13":"tag-eu","14":"tag-europe","15":"tag-fr","16":"tag-france","17":"tag-lyon","18":"tag-news","19":"tag-nominations","20":"tag-republique-francaise"},"share_on_mastodon":{"url":"https:\/\/pubeurope.com\/@fr\/115417194479366607","error":""},"_links":{"self":[{"href":"https:\/\/www.europesays.com\/fr\/wp-json\/wp\/v2\/posts\/481690","targetHints":{"allow":["GET"]}}],"collection":[{"href":"https:\/\/www.europesays.com\/fr\/wp-json\/wp\/v2\/posts"}],"about":[{"href":"https:\/\/www.europesays.com\/fr\/wp-json\/wp\/v2\/types\/post"}],"author":[{"embeddable":true,"href":"https:\/\/www.europesays.com\/fr\/wp-json\/wp\/v2\/users\/2"}],"replies":[{"embeddable":true,"href":"https:\/\/www.europesays.com\/fr\/wp-json\/wp\/v2\/comments?post=481690"}],"version-history":[{"count":0,"href":"https:\/\/www.europesays.com\/fr\/wp-json\/wp\/v2\/posts\/481690\/revisions"}],"wp:featuredmedia":[{"embeddable":true,"href":"https:\/\/www.europesays.com\/fr\/wp-json\/wp\/v2\/media\/481691"}],"wp:attachment":[{"href":"https:\/\/www.europesays.com\/fr\/wp-json\/wp\/v2\/media?parent=481690"}],"wp:term":[{"taxonomy":"category","embeddable":true,"href":"https:\/\/www.europesays.com\/fr\/wp-json\/wp\/v2\/categories?post=481690"},{"taxonomy":"post_tag","embeddable":true,"href":"https:\/\/www.europesays.com\/fr\/wp-json\/wp\/v2\/tags?post=481690"}],"curies":[{"name":"wp","href":"https:\/\/api.w.org\/{rel}","templated":true}]}}