{"id":481700,"date":"2025-10-22T09:56:12","date_gmt":"2025-10-22T09:56:12","guid":{"rendered":"https:\/\/www.europesays.com\/fr\/481700\/"},"modified":"2025-10-22T09:56:12","modified_gmt":"2025-10-22T09:56:12","slug":"ereintee-la-legende-du-tennis-novak-djokovic-annonce-son-forfait","status":"publish","type":"post","link":"https:\/\/www.europesays.com\/fr\/481700\/","title":{"rendered":"\u00e9reint\u00e9e, la l\u00e9gende du tennis Novak Djokovic annonce son forfait"},"content":{"rendered":"<p>            Par<br \/>\n        <strong><br \/>\n            <a href=\"https:\/\/actu.fr\/auteur\/augustin-delaporte\" title=\"Consulter tous les articles de Augustin Delaporte\" target=\"_blank\" rel=\"noopener\">Augustin Delaporte<\/a><br \/>\n        <\/strong><\/p>\n<p>        Publi\u00e9 le<\/p>\n<p>            22 oct. 2025 \u00e0 11h52        <\/p>\n<p>Le Serbe <strong>Novak Djokovic<\/strong> va faire l\u2019impasse sur le <a href=\"https:\/\/actu.fr\/ile-de-france\/nanterre_92050\/rolex-paris-masters-les-billets-s-arrachent-comment-obtenir-les-dernieres-places-du-tournoi-de-tennis_63297257.html\" target=\"_blank\" rel=\"noopener\">Masters de Paris<\/a>\u00a0pour la deuxi\u00e8me ann\u00e9e cons\u00e9cutive et, alors qu\u2019<a href=\"https:\/\/actu.fr\/ile-de-france\/paris_75056\/le-tournoi-perd-son-ame-a-bercy-le-transfert-du-masters-divise-les-fans-de-tennis_61794964.html\" target=\"_blank\" rel=\"noopener\">apr\u00e8s 40\u00a0ans \u00e0 Bercy<\/a>, <a href=\"https:\/\/actu.fr\/ile-de-france\/nanterre_92050\/des-mordus-de-tennis-et-des-csp-le-rolex-paris-masters-cherche-son-public-a-paris-la-defense-arena_63301297.html\" target=\"_blank\" rel=\"noopener\">le tournoi va vivre sa premi\u00e8re \u00e9dition \u00e0 La D\u00e9fense Arena<\/a>, dans l\u2019est parisien (Hauts-de-Seine). En d\u00e9licatesse avec son corps, la l\u00e9gende de 38\u00a0ans a annonc\u00e9 son forfait via une story post\u00e9e sur son compte Instagram.<\/p>\n<p>Un corps devenu capricieux avec lequel il doit composer<\/p>\n<p class=\" wall-content\">Vainqueur du tournoi pour la septi\u00e8me fois en 2023, le \u00ab\u2009joker\u2009\u00bb avait d\u00e9j\u00e0 d\u00fb renoncer \u00e0 y participer l\u2019an dernier. De fa\u00e7on g\u00e9n\u00e9rale, <strong>l\u2019homme aux 24 titres du Grand Chelem<\/strong> m\u00e9nage son corps cette saison. Son physique est d\u2019ailleurs devenu un sujet r\u00e9current ces derniers mois, au point de creuser un foss\u00e9 avec les deux membres du \u00ab\u2009Big Two\u2009\u00bb, <strong>Jannik Sinner<\/strong> et <strong>Carlos Alcaraz<\/strong>, qui seront tous deux bien pr\u00e9sents \u00e0 Paris.<\/p>\n<p class=\" wall-content\">Absent du tournoi parisien \u00e0 l\u2019automne dernier, Djokovic avait laiss\u00e9 passer un mois apr\u00e8s sa d\u00e9faite en demi-finale de l\u2019US Open en septembre, avant de signer un retour au Masters 1\u2009000 de Shangha\u00ef, o\u00f9 il avait par moments souffert physiquement.<\/p>\n<p class=\" wall-content\">La semaine derni\u00e8re, il avait d\u00fb abandonner lors du match pour la 3e place du tournoi d\u2019exhibition Six Kings Slam, en Arabie saoudite. Il doit maintenant \u00e9galement jeter l\u2019\u00e9ponge pour tenter de d\u00e9cocher une huiti\u00e8me couronne au Masters de Paris. \u00ab\u2009Malheureusement, je ne jouerai pas \u00e0 Paris cette ann\u00e9e\u2009\u00bb, a-t-il confi\u00e9 sur Instagram. Et d\u2019ajouter\u2009: \u00ab\u2009J\u2019y ai eu des souvenirs merveilleux et de grands succ\u00e8s au fil des ann\u00e9es, en particulier en conqu\u00e9rant sept fois le titre (un record). J\u2019esp\u00e8re \u00eatre pr\u00e9sent l\u2019an prochain\u2009\u00bb.<\/p>\n<p>    <img   decoding=\"async\" loading=\"lazy\" src=\"https:\/\/www.europesays.com\/fr\/wp-content\/uploads\/2025\/10\/djoko-abandon-960x640.jpg\" alt=\"Novak-Djokovic\" width=\"960\" height=\"640\"\/><br \/>\n    La story de Novak Djokovic sur Instagram. (\u00a9Capture d\u2019\u00e9cran Instagram)<\/p>\n<p class=\" wall-content\">L\u2019ancien num\u00e9ro\u00a01 mondial pourrait d\u00e9sormais faire son retour sur le circuit d\u00e9but novembre, au tournoi ATP 250 d\u2019Ath\u00e8nes.<\/p>\n<p class=\" wall-content\">Personnalisez votre actualit\u00e9 en ajoutant vos villes et m\u00e9dias en favori avec <a href=\"https:\/\/moncompte.actu.fr\" title=\"D\u00e9couvez Mon Actu\" rel=\"nofollow noopener\" data-trk=\"{&quot;cta&quot;:{&quot;action&quot;:&quot;https:\\\/\\\/moncompte.actu.fr&quot;,&quot;category&quot;:&quot;mon compte&quot;,&quot;from&quot;:&quot;article footer&quot;,&quot;name&quot;:&quot;Mon actu&quot;,&quot;type&quot;:&quot;cta&quot;}}\" target=\"_blank\">Mon Actu<\/a>.<\/p>\n","protected":false},"excerpt":{"rendered":"Par Augustin Delaporte Publi\u00e9 le 22 oct. 2025 \u00e0 11h52 Le Serbe Novak Djokovic va faire l\u2019impasse sur&hellip;\n","protected":false},"author":2,"featured_media":481701,"comment_status":"","ping_status":"","sticky":false,"template":"","format":"standard","meta":{"footnotes":""},"categories":[1888],"tags":[11,1777,674,1011,27,12,626,25137,25,60,1467],"class_list":{"0":"post-481700","1":"post","2":"type-post","3":"status-publish","4":"format-standard","5":"has-post-thumbnail","7":"category-paris","8":"tag-actualites","9":"tag-eu","10":"tag-europe","11":"tag-fr","12":"tag-france","13":"tag-news","14":"tag-paris","15":"tag-paris-la-defense-arena","16":"tag-republique-francaise","17":"tag-sports","18":"tag-tennis"},"share_on_mastodon":{"url":"","error":""},"_links":{"self":[{"href":"https:\/\/www.europesays.com\/fr\/wp-json\/wp\/v2\/posts\/481700","targetHints":{"allow":["GET"]}}],"collection":[{"href":"https:\/\/www.europesays.com\/fr\/wp-json\/wp\/v2\/posts"}],"about":[{"href":"https:\/\/www.europesays.com\/fr\/wp-json\/wp\/v2\/types\/post"}],"author":[{"embeddable":true,"href":"https:\/\/www.europesays.com\/fr\/wp-json\/wp\/v2\/users\/2"}],"replies":[{"embeddable":true,"href":"https:\/\/www.europesays.com\/fr\/wp-json\/wp\/v2\/comments?post=481700"}],"version-history":[{"count":0,"href":"https:\/\/www.europesays.com\/fr\/wp-json\/wp\/v2\/posts\/481700\/revisions"}],"wp:featuredmedia":[{"embeddable":true,"href":"https:\/\/www.europesays.com\/fr\/wp-json\/wp\/v2\/media\/481701"}],"wp:attachment":[{"href":"https:\/\/www.europesays.com\/fr\/wp-json\/wp\/v2\/media?parent=481700"}],"wp:term":[{"taxonomy":"category","embeddable":true,"href":"https:\/\/www.europesays.com\/fr\/wp-json\/wp\/v2\/categories?post=481700"},{"taxonomy":"post_tag","embeddable":true,"href":"https:\/\/www.europesays.com\/fr\/wp-json\/wp\/v2\/tags?post=481700"}],"curies":[{"name":"wp","href":"https:\/\/api.w.org\/{rel}","templated":true}]}}