{"id":481704,"date":"2025-10-22T09:58:12","date_gmt":"2025-10-22T09:58:12","guid":{"rendered":"https:\/\/www.europesays.com\/fr\/481704\/"},"modified":"2025-10-22T09:58:12","modified_gmt":"2025-10-22T09:58:12","slug":"un-agenda-charge-entre-defense-ukraine-et-transition-energetique","status":"publish","type":"post","link":"https:\/\/www.europesays.com\/fr\/481704\/","title":{"rendered":"un agenda charg\u00e9 entre d\u00e9fense, Ukraine et transition \u00e9nerg\u00e9tique"},"content":{"rendered":"<p>AA \/ Istanbul \/ Ben Amed Azize Zougmore<\/p>\n<p>Le Conseil europ\u00e9en qui se tiendra cette semaine s\u2019annonce particuli\u00e8rement dense, avec un programme articul\u00e9 autour de la d\u00e9fense, du soutien \u00e0 l\u2019Ukraine et de la transition verte et num\u00e9rique, selon une source \u00e0 l&rsquo;\u00c9lys\u00e9e.<\/p>\n<p>Le Conseil europ\u00e9en d\u00e9butera mercredi par un sommet UE-\u00c9gypte, en pr\u00e9sence du pr\u00e9sident \u00e9gyptien Al-Sissi, avant de se concentrer jeudi sur l\u2019ensemble des dossiers cl\u00e9s de l\u2019Union europ\u00e9enne. Au programme : le soutien \u00e0 l\u2019Ukraine, la feuille de route \u00ab Pr\u00e9paration \u00e0 la d\u00e9fense 2030 \u00bb, la comp\u00e9titivit\u00e9 industrielle, la transition \u00e9nerg\u00e9tique et num\u00e9rique, le logement, les migrations et la Moldavie post-\u00e9lections. La journ\u00e9e se conclura par un sommet de la zone euro avec la pr\u00e9sidente de la Banque centrale europ\u00e9enne.<\/p>\n<p>&#8211; Soutien \u00e0 l\u2019Ukraine et sanctions contre la Russie<\/p>\n<p>Parmi les priorit\u00e9s, le soutien \u00e0 l\u2019Ukraine sera central, avec notamment la discussion sur le \u00ab pr\u00eat de r\u00e9paration \u00bb \u00e0 partir des avoirs russes gel\u00e9s et l\u2019adoption du 19\u1d49 paquet de sanctions contre Moscou. La France, entend veiller \u00e0 ce que toute mobilisation de fonds respecte le droit international et renforce la base industrielle de d\u00e9fense europ\u00e9enne.<\/p>\n<p>La r\u00e9union de la Coalition des volontaires, co-pr\u00e9sid\u00e9e vendredi par le pr\u00e9sident fran\u00e7ais, Emmanuel Macron et le Premier ministre britannique Keir Starmer, visera \u00e0 renforcer quant \u00e0 elle les garanties de s\u00e9curit\u00e9 pour l\u2019Ukraine, y compris par le d\u00e9ploiement d\u2019une force multinationale en second rideau et le suivi des mesures contre la \u00ab flotte fant\u00f4me \u00bb russe.<\/p>\n<p>&#8211; Une d\u00e9fense europ\u00e9enne plus autonome<\/p>\n<p>La pr\u00e9paration \u00e0 la d\u00e9fense 2030 pr\u00e9voit neuf domaines capacitaires strat\u00e9giques, allant de la mobilit\u00e9 militaire aux missiles, drones, guerre \u00e9lectronique et cybers\u00e9curit\u00e9. L\u2019objectif : r\u00e9duire les d\u00e9pendances strat\u00e9giques de l\u2019UE et renforcer la base industrielle de d\u00e9fense europ\u00e9enne. Parmi les initiatives phares \u00e9voqu\u00e9es figure le projet anti-drone, jug\u00e9 complexe, mais n\u00e9cessaire pour r\u00e9pondre aux besoins r\u00e9els des arm\u00e9es.<\/p>\n<p>Les financements seront abord\u00e9s via plusieurs instruments europ\u00e9ens, dont le programme SAFE (150 milliards d\u2019euros), le Fonds europ\u00e9en de d\u00e9fense et EDIP, avec une volont\u00e9 d\u2019impliquer \u00e9galement la Banque europ\u00e9enne d\u2019investissement et les march\u00e9s de capitaux.<\/p>\n<p>&#8211; Comp\u00e9titivit\u00e9 et transition \u00e9cologique et num\u00e9rique<\/p>\n<p>Le Conseil europ\u00e9en abordera par ailleurs la double transition verte et num\u00e9rique. La France, \u00e0 travers une lettre co-sign\u00e9e par 16 chefs d\u2019\u00c9tat et de gouvernement, appelle \u00e0 acc\u00e9l\u00e9rer la mise en \u0153uvre des mesures du rapport Draghi et \u00e0 pr\u00e9server la comp\u00e9titivit\u00e9 industrielle europ\u00e9enne face aux pressions internationales.<\/p>\n<p>Parmi les sujets discut\u00e9s : m\u00e9canisme d\u2019ajustement carbone, r\u00e9glementation automobile, neutralit\u00e9 carbone en 2050 avec un objectif interm\u00e9diaire pour 2040, et souverainet\u00e9 num\u00e9rique de l\u2019UE sur les donn\u00e9es et l\u2019intelligence artificielle. Une initiative sp\u00e9cifique de protection des mineurs sur les r\u00e9seaux sociaux sera port\u00e9e par une avant-garde d\u2019\u00c9tats membres, avec l\u2019ambition d\u2019harmoniser les r\u00e8gles au niveau europ\u00e9en.<\/p>\n<p>&#8211; Logement et migrations<\/p>\n<p>Enfin, le Conseil examinera les politiques de logement et de migration, notamment la mise en \u0153uvre du Pacte asile et immigration pour une \u00e9ch\u00e9ance fix\u00e9e \u00e0 juin 2026, ainsi que le soutien europ\u00e9en \u00e0 la r\u00e9novation \u00e9nerg\u00e9tique des b\u00e2timents via le plan Next Generation EU.<\/p>\n<p>Le Conseil europ\u00e9en et la r\u00e9union de la Coalition des volontaires s\u2019annoncent donc comme des temps forts de l\u2019agenda international et europ\u00e9en du pr\u00e9sident fran\u00e7ais, dans un contexte marqu\u00e9 par la guerre en Ukraine, les d\u00e9fis de la transition \u00e9nerg\u00e9tique et les tensions g\u00e9opolitiques globales.<\/p>\n<p>&#8211; Guerre en Ukraine<\/p>\n<p>Pour rappel, le 24 f\u00e9vrier 2022, la Russie a envahi son voisin ukrainien, affirmant vouloir \u00ab d\u00e9militariser et d\u00e9nazifier \u00bb l\u2019Ukraine, tout en d\u00e9non\u00e7ant l\u2019expansion de l\u2019OTAN \u00e0 ses fronti\u00e8res. Moscou justifie \u00e9galement son offensive par la n\u00e9cessit\u00e9 de prot\u00e9ger les populations russophones du Donbass.<br \/>Le 30 septembre de la m\u00eame ann\u00e9e, le pr\u00e9sident russe, Vladimir Poutine, a formalis\u00e9 l\u2019annexion de quatre territoires de l\u2019est et du sud de l\u2019Ukraine \u2014 Donetsk, Louhansk, Zaporijjia et Kherson \u2014 o\u00f9 les combats se poursuivent encore a ce jour.<\/p>\n<p>En r\u00e9action, les alli\u00e9s de l\u2019Ukraine \u2014 \u00c9tats-Unis, Union europ\u00e9enne, Royaume-Uni et Canada \u2014 ont impos\u00e9 une s\u00e9rie de sanctions \u00e9conomiques sans pr\u00e9c\u00e9dent contre la Russie, visant ses banques, ses exportations d\u2019\u00e9nergie, ses \u00e9lites politiques et ses entreprises strat\u00e9giques. La derni\u00e8re en date est la d\u00e9cision de l\u2019Union europ\u00e9enne d\u2019interdire totalement les importations de gaz naturel russe d\u2019ici \u00e0 la fin de 2027, int\u00e9gr\u00e9e dans le 19\u1d49 paquet de sanctions. \u00c0 titre de comparaison, la Russie repr\u00e9sentait encore 19 % des importations europ\u00e9ennes de gaz en 2024, contre 45 % en 2021.<\/p>\n<p>Parall\u00e8lement, plusieurs tentatives diplomatiques ont \u00e9t\u00e9 engag\u00e9es pour mettre fin au conflit. R\u00e9cemment, une rencontre entre Donald Trump et Vladimir Poutine est attendue en Hongrie, faisant suite \u00e0 une premi\u00e8re entrevue entre les deux hommes en Alaska. M\u00eame si cela ne devrait finalement pas se tenir dans l&rsquo;imm\u00e9diat, selon les derni\u00e8res informations \u00e9manant de la Maison Blanche, cette initiative s\u2019inscrit dans la volont\u00e9 du pr\u00e9sident Trump de mettre fin au conflit en Ukraine, objectif qu\u2019il place apr\u00e8s avoir \u0153uvr\u00e9 \u00e0 l\u2019instauration d\u2019un cessez-le-feu au Moyen-Orient.<\/p>\n<p>                            &#13;<br \/>\n                                <a href=\"https:\/\/www.aa.com.tr\/fr\/p\/abonnement\/1001\" target=\"_blank\" style=\"font-size:12px; color:#444; text-decoration:none;\" rel=\"nofollow noopener\">&#13;<br \/>\n                                    Seulement une partie des d\u00e9p\u00eaches, que l&rsquo;Agence Anadolu diffuse \u00e0 ses abonn\u00e9s via le Syst\u00e8me de Diffusion interne (HAS), est diffus\u00e9e sur le site de l&rsquo;AA, de mani\u00e8re r\u00e9sum\u00e9e. <b style=\"color:#1897F7\">Contactez-nous s&rsquo;il vous pla\u00eet pour vous abonner.<\/b>&#13;<br \/>\n                                <\/a>&#13;<\/p>\n","protected":false},"excerpt":{"rendered":"AA \/ Istanbul \/ Ben Amed Azize Zougmore Le Conseil europ\u00e9en qui se tiendra cette semaine s\u2019annonce particuli\u00e8rement&hellip;\n","protected":false},"author":2,"featured_media":481705,"comment_status":"","ping_status":"","sticky":false,"template":"","format":"standard","meta":{"footnotes":""},"categories":[1590],"tags":[11,1785,8041,60521,60522,1777,674,12,60523,60524,60525,220],"class_list":{"0":"post-481704","1":"post","2":"type-post","3":"status-publish","4":"format-standard","5":"has-post-thumbnail","7":"category-ukraine","8":"tag-actualites","9":"tag-anadolu-ajansi","10":"tag-coalition-des-volontaires","11":"tag-conseil-europen","12":"tag-dfense-europenne","13":"tag-eu","14":"tag-europe","15":"tag-news","16":"tag-programme-safe","17":"tag-sommet-ue-gypte","18":"tag-soutien-lukraine","19":"tag-ukraine"},"share_on_mastodon":{"url":"https:\/\/pubeurope.com\/@fr\/115417233445899964","error":""},"_links":{"self":[{"href":"https:\/\/www.europesays.com\/fr\/wp-json\/wp\/v2\/posts\/481704","targetHints":{"allow":["GET"]}}],"collection":[{"href":"https:\/\/www.europesays.com\/fr\/wp-json\/wp\/v2\/posts"}],"about":[{"href":"https:\/\/www.europesays.com\/fr\/wp-json\/wp\/v2\/types\/post"}],"author":[{"embeddable":true,"href":"https:\/\/www.europesays.com\/fr\/wp-json\/wp\/v2\/users\/2"}],"replies":[{"embeddable":true,"href":"https:\/\/www.europesays.com\/fr\/wp-json\/wp\/v2\/comments?post=481704"}],"version-history":[{"count":0,"href":"https:\/\/www.europesays.com\/fr\/wp-json\/wp\/v2\/posts\/481704\/revisions"}],"wp:featuredmedia":[{"embeddable":true,"href":"https:\/\/www.europesays.com\/fr\/wp-json\/wp\/v2\/media\/481705"}],"wp:attachment":[{"href":"https:\/\/www.europesays.com\/fr\/wp-json\/wp\/v2\/media?parent=481704"}],"wp:term":[{"taxonomy":"category","embeddable":true,"href":"https:\/\/www.europesays.com\/fr\/wp-json\/wp\/v2\/categories?post=481704"},{"taxonomy":"post_tag","embeddable":true,"href":"https:\/\/www.europesays.com\/fr\/wp-json\/wp\/v2\/tags?post=481704"}],"curies":[{"name":"wp","href":"https:\/\/api.w.org\/{rel}","templated":true}]}}