{"id":481712,"date":"2025-10-22T10:02:10","date_gmt":"2025-10-22T10:02:10","guid":{"rendered":"https:\/\/www.europesays.com\/fr\/481712\/"},"modified":"2025-10-22T10:02:10","modified_gmt":"2025-10-22T10:02:10","slug":"leurope-se-prepare-a-une-forte-tempete-les-experts-parlent-dune-bombe-meteorologique","status":"publish","type":"post","link":"https:\/\/www.europesays.com\/fr\/481712\/","title":{"rendered":"L\u2019Europe se pr\u00e9pare \u00e0 une forte temp\u00eate : les experts parlent d\u2019une \u201cbombe m\u00e9t\u00e9orologique\u201d"},"content":{"rendered":"<p>  Par&amp;nbsp<a href=\"https:\/\/fr.euronews.com\/profils\/3212\" rel=\"nofollow noopener\" target=\"_blank\">Nela Heidner<\/a>&amp;nbsp&amp;&amp;nbsp<b>Jean-Philippe LIABOT<\/b><\/p>\n<p>\n         Publi\u00e9 le<br \/>\n            22\/10\/2025 &#8211; 11:53 UTC+2\n            <\/p>\n<p>Les m\u00e9t\u00e9orologues mettent en garde contre une puissante temp\u00eate qui se d\u00e9veloppera au-dessus de l&rsquo;Atlantique dans le golfe de Gascogne, la Manche et la mer du Nord, avant de se diriger vers l&rsquo;Allemagne. <\/p>\n<p>D\u00e8s mercredi soir, de fortes rafales de vent sont attendues le long de la c\u00f4te atlantique fran\u00e7aise, rapporte <strong>The Weather Channel<\/strong>. Vers minuit, le noyau d\u00e9pressionnaire atteindra la Manche ; l&rsquo;Espagne sera en outre probablement concern\u00e9e, avec des rafales atteignant 130 km\/h dans le golfe de Gascogne.<\/p>\n<p>En France, la <strong>temp\u00eate baptis\u00e9e \u00ab\u00a0Benjamin\u00a0\u00bb<\/strong> devrait frapper d\u00e8s la nuit de mercredi \u00e0 jeudi, balayant une large partie de la fa\u00e7ade atlantique avant de remonter vers le nord du pays. <\/p>\n<p>M\u00e9t\u00e9o-France a plac\u00e9 plusieurs d\u00e9partements en <strong>vigilance orange<\/strong> pour vents violents et vagues-submersion, notamment la <strong>Gironde<\/strong>, les <strong>Landes<\/strong>, la <strong>Charente-Maritime<\/strong> et la <strong>Seine-Maritime<\/strong>. Les rafales pourraient atteindre <strong>120 \u00e0 130 km\/h<\/strong> sur le littoral, et <strong>90 \u00e0 110 km\/h<\/strong> \u00e0 l\u2019int\u00e9rieur des terres. <\/p>\n<p>De fortes pluies et une houle importante sont \u00e9galement attendues.<\/p>\n<p>Jeudi vers midi, la temp\u00eate continuera sa route en direction de la mer du Nord. Des vents violents sont attendus entre Gand et Amsterdam. Puis elles se produiront dans l&rsquo;ouest et le sud-ouest de l&rsquo;Allemagne, et pourront atteindre 120 km\/h en For\u00eat Noire.<\/p>\n<p>Vendredi matin, des rafales \u00e0 120 km\/h sont attendues au-dessus de l&rsquo;archipel Heligoland. Elles toucheront la c\u00f4te de la mer du Nord. <strong>\u00c0 Hambourg et Br\u00eame, les 110 km\/h seront possibles.<\/strong> Le risque d&rsquo;onde de temp\u00eate augmentera aussi.<\/p>\n<p>D&rsquo;une mani\u00e8re g\u00e9n\u00e9rale, on s&rsquo;attend \u00e0 des rafales de vent allant de 80 km\/h \u00e0 100km\/h sur l&rsquo;ensemble du territoire allemand. <\/p>\n<p>Vendredi soir, la temp\u00eate s&rsquo;\u00e9loignera lentement, le risque de mar\u00e9e de temp\u00eate sera encore valable jusqu&rsquo;\u00e0 samedi soir pour la c\u00f4te.<\/p>\n<p>La d\u00e9pression temp\u00e9tueuse continuera \u00e0 se d\u00e9placer en direction de la Scandinavie.<\/p>\n<p>Les bombes m\u00e9t\u00e9orologiques : qu&rsquo;est-ce que c&rsquo;est ?<\/p>\n<p>Ce terme m\u00e9t\u00e9orologique d\u00e9signe le renforcement rapide d&rsquo;une zone de basse pression extratropicale, au cours duquel la pression atmosph\u00e9rique au centre de la d\u00e9pression diminue d&rsquo;au moins 24 hectopascals (hPa) en l&rsquo;espace de 24 heures.<\/p>\n<p>Cette baisse rapide de la pression atmosph\u00e9rique provoque une temp\u00eate extr\u00eamement violente, souvent aussi appel\u00e9e \u00ab\u00a0cyclone-bombe\u00a0\u00bb. De telles temp\u00eates entra\u00eenent des vents violents, de fortes pr\u00e9cipitations et peuvent provoquer des ph\u00e9nom\u00e8nes m\u00e9t\u00e9orologiques importants tels que des mar\u00e9es de temp\u00eate et des inondations.<\/p>\n<p><strong>Voici quelques conseils de prudence<\/strong><\/p>\n<p>S\u00e9curisez les meubles de jardin, les objets en vrac et les mat\u00e9riaux de construction.<\/p>\n<p>\u00c9vitez de vous garer sous de grands arbres ou des structures instables.<\/p>\n<p>Reportez vos projets de voyage dans les r\u00e9gions o\u00f9 les rafales peuvent atteindre la force d&rsquo;un ouragan.<\/p>\n<p>Les promeneurs devraient \u00e9viter les for\u00eats et les chemins de montagne.<\/p>\n","protected":false},"excerpt":{"rendered":"Par&amp;nbspNela Heidner&amp;nbsp&amp;&amp;nbspJean-Philippe LIABOT Publi\u00e9 le 22\/10\/2025 &#8211; 11:53 UTC+2 Les m\u00e9t\u00e9orologues mettent en garde contre une puissante temp\u00eate&hellip;\n","protected":false},"author":2,"featured_media":481713,"comment_status":"","ping_status":"","sticky":false,"template":"","format":"standard","meta":{"footnotes":""},"categories":[1586],"tags":[11,672,12201,1777,674,1011,27,2487,12,24246,25,7747],"class_list":{"0":"post-481712","1":"post","2":"type-post","3":"status-publish","4":"format-standard","5":"has-post-thumbnail","7":"category-europe","8":"tag-actualites","9":"tag-allemagne","10":"tag-cyclone","11":"tag-eu","12":"tag-europe","13":"tag-fr","14":"tag-france","15":"tag-meteo","16":"tag-news","17":"tag-ouragans","18":"tag-republique-francaise","19":"tag-tempete"},"share_on_mastodon":{"url":"https:\/\/pubeurope.com\/@fr\/115417248168749575","error":""},"_links":{"self":[{"href":"https:\/\/www.europesays.com\/fr\/wp-json\/wp\/v2\/posts\/481712","targetHints":{"allow":["GET"]}}],"collection":[{"href":"https:\/\/www.europesays.com\/fr\/wp-json\/wp\/v2\/posts"}],"about":[{"href":"https:\/\/www.europesays.com\/fr\/wp-json\/wp\/v2\/types\/post"}],"author":[{"embeddable":true,"href":"https:\/\/www.europesays.com\/fr\/wp-json\/wp\/v2\/users\/2"}],"replies":[{"embeddable":true,"href":"https:\/\/www.europesays.com\/fr\/wp-json\/wp\/v2\/comments?post=481712"}],"version-history":[{"count":0,"href":"https:\/\/www.europesays.com\/fr\/wp-json\/wp\/v2\/posts\/481712\/revisions"}],"wp:featuredmedia":[{"embeddable":true,"href":"https:\/\/www.europesays.com\/fr\/wp-json\/wp\/v2\/media\/481713"}],"wp:attachment":[{"href":"https:\/\/www.europesays.com\/fr\/wp-json\/wp\/v2\/media?parent=481712"}],"wp:term":[{"taxonomy":"category","embeddable":true,"href":"https:\/\/www.europesays.com\/fr\/wp-json\/wp\/v2\/categories?post=481712"},{"taxonomy":"post_tag","embeddable":true,"href":"https:\/\/www.europesays.com\/fr\/wp-json\/wp\/v2\/tags?post=481712"}],"curies":[{"name":"wp","href":"https:\/\/api.w.org\/{rel}","templated":true}]}}