{"id":481716,"date":"2025-10-22T10:04:17","date_gmt":"2025-10-22T10:04:17","guid":{"rendered":"https:\/\/www.europesays.com\/fr\/481716\/"},"modified":"2025-10-22T10:04:17","modified_gmt":"2025-10-22T10:04:17","slug":"un-syndicat-penitentiaire-ne-veut-pas-des-officiers-de-securite-de-sarkozy-a-la-prison-de-la-sante","status":"publish","type":"post","link":"https:\/\/www.europesays.com\/fr\/481716\/","title":{"rendered":"un syndicat p\u00e9nitentiaire ne veut pas des officiers de s\u00e9curit\u00e9 de Sarkozy \u00e0 la prison\u00a0de\u00a0la\u00a0Sant\u00e9"},"content":{"rendered":"<p class=\"article-p mdl\">Laurent Nu\u00f1ez, ministre de l&rsquo;Int\u00e9rieur, a d\u00e9cid\u00e9 d&rsquo;un dispositif in\u00e9dit pour assurer la protection de\u00a0<a class=\"link\" href=\"https:\/\/www.rtl.fr\/actu\/justice-faits-divers\/il-a-commence-a-ecrire-un-livre-visite-de-carla-bruni-gardes-du-corps-television-ce-que-l-on-sait-sur-la-premiere-journee-de-nicolas-sarkozy-en-prison-7900556506\" title=\"&quot;Il a commenc\u00e9 \u00e0 \u00e9crire un livre&quot; : visite de Carla Bruni, gardes du corps, t\u00e9l\u00e9vision... Ce que l&#039;on sait sur la premi\u00e8re journ\u00e9e de Nicolas Sarkozy en prison\" target=\"_blank\" rel=\"noopener\">Nicolas Sarkozy<\/a>, incarc\u00e9r\u00e9 ce mardi 21 octobre dans le quartier d&rsquo;isolement de la prison de la Sant\u00e9, apr\u00e8s sa condamnation dans l&rsquo;affaire libyenne.<br \/>Deux agents du service d&rsquo;\u00e9lite charg\u00e9s de la protection des personnalit\u00e9s sont install\u00e9s dans une cellule voisine de celle de l&rsquo;ancien Pr\u00e9sident. Mais ils n&rsquo;ont rien \u00e0 faire l\u00e0 pour Wilfried Fonck, secr\u00e9taire national UFAP UNSa Justice, premier syndicat de surveillants p\u00e9nitentiaires : \u00ab\u00a0Aujourd&rsquo;hui, on a deux personnes civiles qui sont \u00e0 l&rsquo;int\u00e9rieur d&rsquo;un \u00e9tablissement p\u00e9nitentiaire qui n&rsquo;ont rien \u00e0 y faire. Ils n&rsquo;ont rien \u00e0 faire l\u00e0, ils ne sont pas rompus au fonctionnement d&rsquo;un \u00e9tablissement p\u00e9nitentiaire. On va plut\u00f4t avoir <strong>deux boulets suppl\u00e9mentaires \u00e0 tra\u00eener<\/strong>.\u00a0\u00bb<\/p>\n<blockquote class=\"article-quote\">\n<p class=\"article-quote-text icon icon-quote-v2\">C&rsquo;est un bras d&rsquo;honneur, un crachat, qui est fait au personnel p\u00e9nitentiaire<\/p>\n<p>Wilfried Fonck<\/p>\n<\/blockquote>\n<p class=\"article-p mdl\">Et d&rsquo;ajouter : \u00ab\u00a0C&rsquo;est un bras d&rsquo;honneur, un crachat, qui est fait au personnel p\u00e9nitentiaire. Si on envoie des gardes du corps \u00e0 l&rsquo;int\u00e9rieur d&rsquo;un \u00e9tablissement p\u00e9nitentiaire pour assurer la s\u00e9curit\u00e9 d&rsquo;un ancien pr\u00e9sident de la R\u00e9publique, c&rsquo;est que quelque part, nous, on ne sait pas faire. Quand je vois qu&rsquo;un directeur de l&rsquo;administration p\u00e9nitentiaire d\u00e9clare que \u00e7a va permettre de pouvoir assurer la s\u00e9curit\u00e9 et le bon ordre de l&rsquo;\u00e9tablissement ! En 25 ans de carri\u00e8re, je n&rsquo;ai jamais vu \u00e7a. <strong>On est en train de nous dire que le personnel p\u00e9nitentiaire ne sait pas bosser<\/strong>.\u00a0\u00bb<\/p>\n<p class=\"article-p mdl\">Pour justifier son choix, <strong>Laurent Nu\u00f1ez<\/strong> a expliqu\u00e9 que Nicolas Sarkozy b\u00e9n\u00e9ficie en temps normal \u00ab\u00a0d&rsquo;un dispositif de protection eu \u00e9gard \u00e0 son statut et aux menaces qui p\u00e8sent sur lui\u00a0\u00bb et \u00ab\u00a0ce dispositif a \u00e9t\u00e9 maintenu en d\u00e9tention\u00a0\u00bb. \u00ab\u00a0C&rsquo;est une <strong>d\u00e9cision visant \u00e0 assurer sa s\u00e9curit\u00e9<\/strong>\u00ab\u00a0, a-t-il poursuivi, \u00ab\u00a0en plus, \u00e9videmment, de tout ce qui est mis en \u0153uvre par l&rsquo;administration p\u00e9nitentiaire\u00a0\u00bb. Ce dispositif restera en place \u00ab\u00a0<strong>tant que nous le jugerons utile<\/strong>\u00ab\u00a0, a-t-il encore insist\u00e9 sur CNews\/Europe 1.<\/p>\n<p>    La r\u00e9daction vous recommande<\/p>\n<p class=\"s-newsletter__title\">\n                L\u2019actualit\u00e9 par la r\u00e9daction de RTL dans votre bo\u00eete mail.\n            <\/p>\n<p class=\"s-newsletter__subtitle\">\n                Gr\u00e2ce \u00e0 votre compte RTL abonnez-vous \u00e0 la newsletter RTL info pour suivre toute l&rsquo;actualit\u00e9 au quotidien\n            <\/p>\n<p>\n                                    Lire la suite\n                                <\/p>\n","protected":false},"excerpt":{"rendered":"Laurent Nu\u00f1ez, ministre de l&rsquo;Int\u00e9rieur, a d\u00e9cid\u00e9 d&rsquo;un dispositif in\u00e9dit pour assurer la protection de\u00a0Nicolas Sarkozy, incarc\u00e9r\u00e9 ce&hellip;\n","protected":false},"author":2,"featured_media":481717,"comment_status":"","ping_status":"","sticky":false,"template":"","format":"standard","meta":{"footnotes":""},"categories":[2],"tags":[11,107,1011,27,12,3091,899,25,656],"class_list":{"0":"post-481716","1":"post","2":"type-post","3":"status-publish","4":"format-standard","5":"has-post-thumbnail","7":"category-actualites","8":"tag-actualites","9":"tag-fil-info","10":"tag-fr","11":"tag-france","12":"tag-news","13":"tag-nicolas-sarkozy","14":"tag-prisons","15":"tag-republique-francaise","16":"tag-securite"},"share_on_mastodon":{"url":"https:\/\/pubeurope.com\/@fr\/115417256042420980","error":""},"_links":{"self":[{"href":"https:\/\/www.europesays.com\/fr\/wp-json\/wp\/v2\/posts\/481716","targetHints":{"allow":["GET"]}}],"collection":[{"href":"https:\/\/www.europesays.com\/fr\/wp-json\/wp\/v2\/posts"}],"about":[{"href":"https:\/\/www.europesays.com\/fr\/wp-json\/wp\/v2\/types\/post"}],"author":[{"embeddable":true,"href":"https:\/\/www.europesays.com\/fr\/wp-json\/wp\/v2\/users\/2"}],"replies":[{"embeddable":true,"href":"https:\/\/www.europesays.com\/fr\/wp-json\/wp\/v2\/comments?post=481716"}],"version-history":[{"count":0,"href":"https:\/\/www.europesays.com\/fr\/wp-json\/wp\/v2\/posts\/481716\/revisions"}],"wp:featuredmedia":[{"embeddable":true,"href":"https:\/\/www.europesays.com\/fr\/wp-json\/wp\/v2\/media\/481717"}],"wp:attachment":[{"href":"https:\/\/www.europesays.com\/fr\/wp-json\/wp\/v2\/media?parent=481716"}],"wp:term":[{"taxonomy":"category","embeddable":true,"href":"https:\/\/www.europesays.com\/fr\/wp-json\/wp\/v2\/categories?post=481716"},{"taxonomy":"post_tag","embeddable":true,"href":"https:\/\/www.europesays.com\/fr\/wp-json\/wp\/v2\/tags?post=481716"}],"curies":[{"name":"wp","href":"https:\/\/api.w.org\/{rel}","templated":true}]}}